{"id":12497,"date":"2022-03-14T16:56:27","date_gmt":"2022-03-14T15:56:27","guid":{"rendered":"https:\/\/castaner-yachts.com\/comienza-el-circuito-interclub-costa-del-sol\/"},"modified":"2022-03-16T11:42:14","modified_gmt":"2022-03-16T10:42:14","slug":"comienza-el-circuito-interclub-costa-del-sol","status":"publish","type":"post","link":"https:\/\/castaner-yachts.com\/en\/comienza-el-circuito-interclub-costa-del-sol\/","title":{"rendered":"Comienza el Circuito Interclub Costa del Sol"},"content":{"rendered":"<p>Durante el pasado fin de semana participamos en esta nueva regata, brillantemente organizada por el <strong>Real Club Mar\u00edtimo de Marbella<\/strong> que se prolongar\u00e1 hasta el mes de Junio con una regata al mes en la modalidad de Math Race, barco contra barco.<\/p>\n<p>Representamos a la Marina Puerto Banu\u00fas y la tripulaci\u00f3n est\u00e1 formada por ; Ricardo Bellod, Johannes Goizueta, Ignacio Benthem y yo mismo como patr\u00f3n.<\/p>\n<div class='avia-iframe-wrap'><iframe loading=\"lazy\" title=\"Comienza el Circuito Interclub Costa del Sol - 01\" width=\"1500\" height=\"844\" src=\"https:\/\/www.youtube.com\/embed\/jiIyv544Zgg?feature=oembed\" frameborder=\"0\" allow=\"accelerometer; autoplay; clipboard-write; encrypted-media; gyroscope; picture-in-picture\" allowfullscreen><\/iframe><\/div>\n<p>&nbsp;<\/p>\n<div class='avia-iframe-wrap'><iframe loading=\"lazy\" title=\"Comienza el Circuito Interclub Costa del Sol  - 02\" width=\"1500\" height=\"844\" src=\"https:\/\/www.youtube.com\/embed\/hSkyUk2zQAg?feature=oembed\" frameborder=\"0\" allow=\"accelerometer; autoplay; clipboard-write; encrypted-media; gyroscope; picture-in-picture\" allowfullscreen><\/iframe><\/div>\n<p>&nbsp;<\/p>\n<p><img loading=\"lazy\" decoding=\"async\" class=\"wp-image-12494 size-full aligncenter\" src=\"https:\/\/castaner-yachts.com\/wp-content\/uploads\/2022\/03\/Comienza-el-Circuito-Interclub-Costa-del-Sol-1.jpg\" alt=\"\" width=\"1200\" height=\"900\" srcset=\"https:\/\/castaner-yachts.com\/wp-content\/uploads\/2022\/03\/Comienza-el-Circuito-Interclub-Costa-del-Sol-1.jpg 1200w, https:\/\/castaner-yachts.com\/wp-content\/uploads\/2022\/03\/Comienza-el-Circuito-Interclub-Costa-del-Sol-1-300x225.jpg 300w, https:\/\/castaner-yachts.com\/wp-content\/uploads\/2022\/03\/Comienza-el-Circuito-Interclub-Costa-del-Sol-1-1030x773.jpg 1030w, https:\/\/castaner-yachts.com\/wp-content\/uploads\/2022\/03\/Comienza-el-Circuito-Interclub-Costa-del-Sol-1-768x576.jpg 768w, https:\/\/castaner-yachts.com\/wp-content\/uploads\/2022\/03\/Comienza-el-Circuito-Interclub-Costa-del-Sol-1-705x529.jpg 705w\" sizes=\"auto, (max-width: 1200px) 100vw, 1200px\" \/><\/p>\n","protected":false},"excerpt":{"rendered":"<p>Durante el pasado fin de semana participamos en esta nueva regata, brillantemente organizada por el Real Club Mar\u00edtimo de Marbella que se prolongar\u00e1 hasta el mes de Junio con una regata al mes en la modalidad de Math Race, barco contra barco. Representamos a la Marina Puerto Banu\u00fas y la tripulaci\u00f3n est\u00e1 formada por ; [&hellip;]<\/p>\n","protected":false},"author":2,"featured_media":12517,"comment_status":"closed","ping_status":"closed","sticky":false,"template":"","format":"standard","meta":{"footnotes":""},"categories":[15],"tags":[],"class_list":["post-12497","post","type-post","status-publish","format-standard","has-post-thumbnail","hentry","category-news"],"yoast_head":"<!-- This site is optimized with the Yoast SEO plugin v27.5 - https:\/\/yoast.com\/product\/yoast-seo-wordpress\/ -->\n<title>Comienza el Circuito Interclub Costa del Sol<\/title>\n<meta name=\"description\" content=\"Durante el pasado fin de semana participamos en esta nueva regata, brillantemente organizada por el Real Club Mar\u00edtimo de Marbella que se prolongar\u00e1 hasta\" \/>\n<meta name=\"robots\" content=\"index, follow, max-snippet:-1, max-image-preview:large, max-video-preview:-1\" \/>\n<link rel=\"canonical\" href=\"https:\/\/castaner-yachts.com\/en\/comienza-el-circuito-interclub-costa-del-sol\/\" \/>\n<meta property=\"og:locale\" content=\"en_US\" \/>\n<meta property=\"og:type\" content=\"article\" \/>\n<meta property=\"og:title\" content=\"Comienza el Circuito Interclub Costa del Sol\" \/>\n<meta property=\"og:description\" content=\"Durante el pasado fin de semana participamos en esta nueva regata, brillantemente organizada por el Real Club Mar\u00edtimo de Marbella que se prolongar\u00e1 hasta\" \/>\n<meta property=\"og:url\" content=\"https:\/\/castaner-yachts.com\/en\/comienza-el-circuito-interclub-costa-del-sol\/\" \/>\n<meta property=\"og:site_name\" content=\"I. Casta\u00f1er Yachts. Venta de Barcos nuevos y de segunda mano\" \/>\n<meta property=\"article:published_time\" content=\"2022-03-14T15:56:27+00:00\" \/>\n<meta property=\"article:modified_time\" content=\"2022-03-16T10:42:14+00:00\" \/>\n<meta property=\"og:image\" content=\"https:\/\/castaner-yachts.com\/wp-content\/uploads\/2022\/03\/Comienza-el-Circuito-Interclub-Costa-del-Sol-1-5.jpg\" \/>\n\t<meta property=\"og:image:width\" content=\"1200\" \/>\n\t<meta property=\"og:image:height\" content=\"1272\" \/>\n\t<meta property=\"og:image:type\" content=\"image\/jpeg\" \/>\n<meta name=\"author\" content=\"ICY\" \/>\n<meta name=\"twitter:card\" content=\"summary_large_image\" \/>\n<meta name=\"twitter:label1\" content=\"Written by\" \/>\n\t<meta name=\"twitter:data1\" content=\"ICY\" \/>\n\t<meta name=\"twitter:label2\" content=\"Est. reading time\" \/>\n\t<meta name=\"twitter:data2\" content=\"1 minute\" \/>\n<script type=\"application\/ld+json\" class=\"yoast-schema-graph\">{\"@context\":\"https:\\\/\\\/schema.org\",\"@graph\":[{\"@type\":\"Article\",\"@id\":\"https:\\\/\\\/castaner-yachts.com\\\/en\\\/comienza-el-circuito-interclub-costa-del-sol\\\/#article\",\"isPartOf\":{\"@id\":\"https:\\\/\\\/castaner-yachts.com\\\/en\\\/comienza-el-circuito-interclub-costa-del-sol\\\/\"},\"author\":{\"name\":\"ICY\",\"@id\":\"https:\\\/\\\/castaner-yachts.com\\\/#\\\/schema\\\/person\\\/29645b5ad6398bb424f468aaf51e98aa\"},\"headline\":\"Comienza el Circuito Interclub Costa del Sol\",\"datePublished\":\"2022-03-14T15:56:27+00:00\",\"dateModified\":\"2022-03-16T10:42:14+00:00\",\"mainEntityOfPage\":{\"@id\":\"https:\\\/\\\/castaner-yachts.com\\\/en\\\/comienza-el-circuito-interclub-costa-del-sol\\\/\"},\"wordCount\":88,\"publisher\":{\"@id\":\"https:\\\/\\\/castaner-yachts.com\\\/#organization\"},\"image\":{\"@id\":\"https:\\\/\\\/castaner-yachts.com\\\/en\\\/comienza-el-circuito-interclub-costa-del-sol\\\/#primaryimage\"},\"thumbnailUrl\":\"https:\\\/\\\/castaner-yachts.com\\\/wp-content\\\/uploads\\\/2022\\\/03\\\/Comienza-el-Circuito-Interclub-Costa-del-Sol-1-5.jpg\",\"articleSection\":[\"News\"],\"inLanguage\":\"en-US\"},{\"@type\":\"WebPage\",\"@id\":\"https:\\\/\\\/castaner-yachts.com\\\/en\\\/comienza-el-circuito-interclub-costa-del-sol\\\/\",\"url\":\"https:\\\/\\\/castaner-yachts.com\\\/en\\\/comienza-el-circuito-interclub-costa-del-sol\\\/\",\"name\":\"Comienza el Circuito Interclub Costa del Sol\",\"isPartOf\":{\"@id\":\"https:\\\/\\\/castaner-yachts.com\\\/#website\"},\"primaryImageOfPage\":{\"@id\":\"https:\\\/\\\/castaner-yachts.com\\\/en\\\/comienza-el-circuito-interclub-costa-del-sol\\\/#primaryimage\"},\"image\":{\"@id\":\"https:\\\/\\\/castaner-yachts.com\\\/en\\\/comienza-el-circuito-interclub-costa-del-sol\\\/#primaryimage\"},\"thumbnailUrl\":\"https:\\\/\\\/castaner-yachts.com\\\/wp-content\\\/uploads\\\/2022\\\/03\\\/Comienza-el-Circuito-Interclub-Costa-del-Sol-1-5.jpg\",\"datePublished\":\"2022-03-14T15:56:27+00:00\",\"dateModified\":\"2022-03-16T10:42:14+00:00\",\"description\":\"Durante el pasado fin de semana participamos en esta nueva regata, brillantemente organizada por el Real Club Mar\u00edtimo de Marbella que se prolongar\u00e1 hasta\",\"breadcrumb\":{\"@id\":\"https:\\\/\\\/castaner-yachts.com\\\/en\\\/comienza-el-circuito-interclub-costa-del-sol\\\/#breadcrumb\"},\"inLanguage\":\"en-US\",\"potentialAction\":[{\"@type\":\"ReadAction\",\"target\":[\"https:\\\/\\\/castaner-yachts.com\\\/en\\\/comienza-el-circuito-interclub-costa-del-sol\\\/\"]}]},{\"@type\":\"ImageObject\",\"inLanguage\":\"en-US\",\"@id\":\"https:\\\/\\\/castaner-yachts.com\\\/en\\\/comienza-el-circuito-interclub-costa-del-sol\\\/#primaryimage\",\"url\":\"https:\\\/\\\/castaner-yachts.com\\\/wp-content\\\/uploads\\\/2022\\\/03\\\/Comienza-el-Circuito-Interclub-Costa-del-Sol-1-5.jpg\",\"contentUrl\":\"https:\\\/\\\/castaner-yachts.com\\\/wp-content\\\/uploads\\\/2022\\\/03\\\/Comienza-el-Circuito-Interclub-Costa-del-Sol-1-5.jpg\",\"width\":1200,\"height\":1272},{\"@type\":\"BreadcrumbList\",\"@id\":\"https:\\\/\\\/castaner-yachts.com\\\/en\\\/comienza-el-circuito-interclub-costa-del-sol\\\/#breadcrumb\",\"itemListElement\":[{\"@type\":\"ListItem\",\"position\":1,\"name\":\"Portada\",\"item\":\"https:\\\/\\\/castaner-yachts.com\\\/en\\\/\"},{\"@type\":\"ListItem\",\"position\":2,\"name\":\"Comienza el Circuito Interclub Costa del Sol\"}]},{\"@type\":\"WebSite\",\"@id\":\"https:\\\/\\\/castaner-yachts.com\\\/#website\",\"url\":\"https:\\\/\\\/castaner-yachts.com\\\/\",\"name\":\"I. Casta\u00f1er Yachts. Venta de Barcos nuevos y de segunda mano\",\"description\":\"\",\"publisher\":{\"@id\":\"https:\\\/\\\/castaner-yachts.com\\\/#organization\"},\"potentialAction\":[{\"@type\":\"SearchAction\",\"target\":{\"@type\":\"EntryPoint\",\"urlTemplate\":\"https:\\\/\\\/castaner-yachts.com\\\/?s={search_term_string}\"},\"query-input\":{\"@type\":\"PropertyValueSpecification\",\"valueRequired\":true,\"valueName\":\"search_term_string\"}}],\"inLanguage\":\"en-US\"},{\"@type\":\"Organization\",\"@id\":\"https:\\\/\\\/castaner-yachts.com\\\/#organization\",\"name\":\"Casta\u00f1er Yachts\",\"url\":\"https:\\\/\\\/castaner-yachts.com\\\/\",\"logo\":{\"@type\":\"ImageObject\",\"inLanguage\":\"en-US\",\"@id\":\"https:\\\/\\\/castaner-yachts.com\\\/#\\\/schema\\\/logo\\\/image\\\/\",\"url\":\"https:\\\/\\\/castaner-yachts.com\\\/wp-content\\\/uploads\\\/2019\\\/07\\\/ICY-Icon.png\",\"contentUrl\":\"https:\\\/\\\/castaner-yachts.com\\\/wp-content\\\/uploads\\\/2019\\\/07\\\/ICY-Icon.png\",\"width\":92,\"height\":86,\"caption\":\"Casta\u00f1er Yachts\"},\"image\":{\"@id\":\"https:\\\/\\\/castaner-yachts.com\\\/#\\\/schema\\\/logo\\\/image\\\/\"}},{\"@type\":\"Person\",\"@id\":\"https:\\\/\\\/castaner-yachts.com\\\/#\\\/schema\\\/person\\\/29645b5ad6398bb424f468aaf51e98aa\",\"name\":\"ICY\",\"image\":{\"@type\":\"ImageObject\",\"inLanguage\":\"en-US\",\"@id\":\"https:\\\/\\\/secure.gravatar.com\\\/avatar\\\/f32ba88c136b6167fc646401a814b38b9b59e409472f468300b6959acc85827c?s=96&d=mm&r=g\",\"url\":\"https:\\\/\\\/secure.gravatar.com\\\/avatar\\\/f32ba88c136b6167fc646401a814b38b9b59e409472f468300b6959acc85827c?s=96&d=mm&r=g\",\"contentUrl\":\"https:\\\/\\\/secure.gravatar.com\\\/avatar\\\/f32ba88c136b6167fc646401a814b38b9b59e409472f468300b6959acc85827c?s=96&d=mm&r=g\",\"caption\":\"ICY\"}}]}<\/script>\n<!-- \/ Yoast SEO plugin. -->","yoast_head_json":{"title":"Comienza el Circuito Interclub Costa del Sol","description":"Durante el pasado fin de semana participamos en esta nueva regata, brillantemente organizada por el Real Club Mar\u00edtimo de Marbella que se prolongar\u00e1 hasta","robots":{"index":"index","follow":"follow","max-snippet":"max-snippet:-1","max-image-preview":"max-image-preview:large","max-video-preview":"max-video-preview:-1"},"canonical":"https:\/\/castaner-yachts.com\/en\/comienza-el-circuito-interclub-costa-del-sol\/","og_locale":"en_US","og_type":"article","og_title":"Comienza el Circuito Interclub Costa del Sol","og_description":"Durante el pasado fin de semana participamos en esta nueva regata, brillantemente organizada por el Real Club Mar\u00edtimo de Marbella que se prolongar\u00e1 hasta","og_url":"https:\/\/castaner-yachts.com\/en\/comienza-el-circuito-interclub-costa-del-sol\/","og_site_name":"I. Casta\u00f1er Yachts. Venta de Barcos nuevos y de segunda mano","article_published_time":"2022-03-14T15:56:27+00:00","article_modified_time":"2022-03-16T10:42:14+00:00","og_image":[{"width":1200,"height":1272,"url":"https:\/\/castaner-yachts.com\/wp-content\/uploads\/2022\/03\/Comienza-el-Circuito-Interclub-Costa-del-Sol-1-5.jpg","type":"image\/jpeg"}],"author":"ICY","twitter_card":"summary_large_image","twitter_misc":{"Written by":"ICY","Est. reading time":"1 minute"},"schema":{"@context":"https:\/\/schema.org","@graph":[{"@type":"Article","@id":"https:\/\/castaner-yachts.com\/en\/comienza-el-circuito-interclub-costa-del-sol\/#article","isPartOf":{"@id":"https:\/\/castaner-yachts.com\/en\/comienza-el-circuito-interclub-costa-del-sol\/"},"author":{"name":"ICY","@id":"https:\/\/castaner-yachts.com\/#\/schema\/person\/29645b5ad6398bb424f468aaf51e98aa"},"headline":"Comienza el Circuito Interclub Costa del Sol","datePublished":"2022-03-14T15:56:27+00:00","dateModified":"2022-03-16T10:42:14+00:00","mainEntityOfPage":{"@id":"https:\/\/castaner-yachts.com\/en\/comienza-el-circuito-interclub-costa-del-sol\/"},"wordCount":88,"publisher":{"@id":"https:\/\/castaner-yachts.com\/#organization"},"image":{"@id":"https:\/\/castaner-yachts.com\/en\/comienza-el-circuito-interclub-costa-del-sol\/#primaryimage"},"thumbnailUrl":"https:\/\/castaner-yachts.com\/wp-content\/uploads\/2022\/03\/Comienza-el-Circuito-Interclub-Costa-del-Sol-1-5.jpg","articleSection":["News"],"inLanguage":"en-US"},{"@type":"WebPage","@id":"https:\/\/castaner-yachts.com\/en\/comienza-el-circuito-interclub-costa-del-sol\/","url":"https:\/\/castaner-yachts.com\/en\/comienza-el-circuito-interclub-costa-del-sol\/","name":"Comienza el Circuito Interclub Costa del Sol","isPartOf":{"@id":"https:\/\/castaner-yachts.com\/#website"},"primaryImageOfPage":{"@id":"https:\/\/castaner-yachts.com\/en\/comienza-el-circuito-interclub-costa-del-sol\/#primaryimage"},"image":{"@id":"https:\/\/castaner-yachts.com\/en\/comienza-el-circuito-interclub-costa-del-sol\/#primaryimage"},"thumbnailUrl":"https:\/\/castaner-yachts.com\/wp-content\/uploads\/2022\/03\/Comienza-el-Circuito-Interclub-Costa-del-Sol-1-5.jpg","datePublished":"2022-03-14T15:56:27+00:00","dateModified":"2022-03-16T10:42:14+00:00","description":"Durante el pasado fin de semana participamos en esta nueva regata, brillantemente organizada por el Real Club Mar\u00edtimo de Marbella que se prolongar\u00e1 hasta","breadcrumb":{"@id":"https:\/\/castaner-yachts.com\/en\/comienza-el-circuito-interclub-costa-del-sol\/#breadcrumb"},"inLanguage":"en-US","potentialAction":[{"@type":"ReadAction","target":["https:\/\/castaner-yachts.com\/en\/comienza-el-circuito-interclub-costa-del-sol\/"]}]},{"@type":"ImageObject","inLanguage":"en-US","@id":"https:\/\/castaner-yachts.com\/en\/comienza-el-circuito-interclub-costa-del-sol\/#primaryimage","url":"https:\/\/castaner-yachts.com\/wp-content\/uploads\/2022\/03\/Comienza-el-Circuito-Interclub-Costa-del-Sol-1-5.jpg","contentUrl":"https:\/\/castaner-yachts.com\/wp-content\/uploads\/2022\/03\/Comienza-el-Circuito-Interclub-Costa-del-Sol-1-5.jpg","width":1200,"height":1272},{"@type":"BreadcrumbList","@id":"https:\/\/castaner-yachts.com\/en\/comienza-el-circuito-interclub-costa-del-sol\/#breadcrumb","itemListElement":[{"@type":"ListItem","position":1,"name":"Portada","item":"https:\/\/castaner-yachts.com\/en\/"},{"@type":"ListItem","position":2,"name":"Comienza el Circuito Interclub Costa del Sol"}]},{"@type":"WebSite","@id":"https:\/\/castaner-yachts.com\/#website","url":"https:\/\/castaner-yachts.com\/","name":"I. Casta\u00f1er Yachts. Venta de Barcos nuevos y de segunda mano","description":"","publisher":{"@id":"https:\/\/castaner-yachts.com\/#organization"},"potentialAction":[{"@type":"SearchAction","target":{"@type":"EntryPoint","urlTemplate":"https:\/\/castaner-yachts.com\/?s={search_term_string}"},"query-input":{"@type":"PropertyValueSpecification","valueRequired":true,"valueName":"search_term_string"}}],"inLanguage":"en-US"},{"@type":"Organization","@id":"https:\/\/castaner-yachts.com\/#organization","name":"Casta\u00f1er Yachts","url":"https:\/\/castaner-yachts.com\/","logo":{"@type":"ImageObject","inLanguage":"en-US","@id":"https:\/\/castaner-yachts.com\/#\/schema\/logo\/image\/","url":"https:\/\/castaner-yachts.com\/wp-content\/uploads\/2019\/07\/ICY-Icon.png","contentUrl":"https:\/\/castaner-yachts.com\/wp-content\/uploads\/2019\/07\/ICY-Icon.png","width":92,"height":86,"caption":"Casta\u00f1er Yachts"},"image":{"@id":"https:\/\/castaner-yachts.com\/#\/schema\/logo\/image\/"}},{"@type":"Person","@id":"https:\/\/castaner-yachts.com\/#\/schema\/person\/29645b5ad6398bb424f468aaf51e98aa","name":"ICY","image":{"@type":"ImageObject","inLanguage":"en-US","@id":"https:\/\/secure.gravatar.com\/avatar\/f32ba88c136b6167fc646401a814b38b9b59e409472f468300b6959acc85827c?s=96&d=mm&r=g","url":"https:\/\/secure.gravatar.com\/avatar\/f32ba88c136b6167fc646401a814b38b9b59e409472f468300b6959acc85827c?s=96&d=mm&r=g","contentUrl":"https:\/\/secure.gravatar.com\/avatar\/f32ba88c136b6167fc646401a814b38b9b59e409472f468300b6959acc85827c?s=96&d=mm&r=g","caption":"ICY"}}]}},"_links":{"self":[{"href":"https:\/\/castaner-yachts.com\/en\/wp-json\/wp\/v2\/posts\/12497","targetHints":{"allow":["GET"]}}],"collection":[{"href":"https:\/\/castaner-yachts.com\/en\/wp-json\/wp\/v2\/posts"}],"about":[{"href":"https:\/\/castaner-yachts.com\/en\/wp-json\/wp\/v2\/types\/post"}],"author":[{"embeddable":true,"href":"https:\/\/castaner-yachts.com\/en\/wp-json\/wp\/v2\/users\/2"}],"replies":[{"embeddable":true,"href":"https:\/\/castaner-yachts.com\/en\/wp-json\/wp\/v2\/comments?post=12497"}],"version-history":[{"count":0,"href":"https:\/\/castaner-yachts.com\/en\/wp-json\/wp\/v2\/posts\/12497\/revisions"}],"wp:featuredmedia":[{"embeddable":true,"href":"https:\/\/castaner-yachts.com\/en\/wp-json\/wp\/v2\/media\/12517"}],"wp:attachment":[{"href":"https:\/\/castaner-yachts.com\/en\/wp-json\/wp\/v2\/media?parent=12497"}],"wp:term":[{"taxonomy":"category","embeddable":true,"href":"https:\/\/castaner-yachts.com\/en\/wp-json\/wp\/v2\/categories?post=12497"},{"taxonomy":"post_tag","embeddable":true,"href":"https:\/\/castaner-yachts.com\/en\/wp-json\/wp\/v2\/tags?post=12497"}],"curies":[{"name":"wp","href":"https:\/\/api.w.org\/{rel}","templated":true}]}}