{"id":13100,"date":"2022-08-04T16:09:56","date_gmt":"2022-08-04T14:09:56","guid":{"rendered":"https:\/\/castaner-yachts.com\/la-copa-del-rey-esta-al-rojo-vivo-tras-los-3-primeros-dias-de-brisas-muy-suaves-del-viento-local-embat\/"},"modified":"2022-08-04T16:11:18","modified_gmt":"2022-08-04T14:11:18","slug":"la-copa-del-rey-esta-al-rojo-vivo-tras-los-3-primeros-dias-de-brisas-muy-suaves-del-viento-local-embat","status":"publish","type":"post","link":"https:\/\/castaner-yachts.com\/en\/la-copa-del-rey-esta-al-rojo-vivo-tras-los-3-primeros-dias-de-brisas-muy-suaves-del-viento-local-embat\/","title":{"rendered":"La Copa del Rey est\u00e1 al rojo vivo tras los 3 primeros d\u00edas de brisas muy suaves del viento local Embat."},"content":{"rendered":"<p>Estamos mejorando d\u00eda a d\u00eda pero necesitamos que suba el viento para sacarle el m\u00e1ximo rendimiento a nuestro barco que sufre frente los barcos m\u00e1s grandes y ventolineros.<\/p>\n<p><iframe loading=\"lazy\" style=\"border: none; overflow: hidden;\" src=\"https:\/\/www.facebook.com\/plugins\/post.php?href=https%3A%2F%2Fwww.facebook.com%2Ficastaneryachts%2Fphotos%2Fa.1590099691261568%2F3272909692980551%2F%3Ftype%3D3&amp;show_text=true&amp;width=500\" width=\"500\" height=\"333\" frameborder=\"0\" scrolling=\"no\" allowfullscreen=\"allowfullscreen\"><\/iframe><br \/>\n<iframe loading=\"lazy\" style=\"border: none; overflow: hidden;\" src=\"https:\/\/www.facebook.com\/plugins\/post.php?href=https%3A%2F%2Fwww.facebook.com%2Ficastaneryachts%2Fphotos%2Fa.1590099691261568%2F3272909716313882%2F%3Ftype%3D3&amp;show_text=true&amp;width=500\" width=\"500\" height=\"333\" frameborder=\"0\" scrolling=\"no\" allowfullscreen=\"allowfullscreen\"><\/iframe><br \/>\n<iframe loading=\"lazy\" style=\"border: none; overflow: hidden;\" src=\"https:\/\/www.facebook.com\/plugins\/post.php?href=https%3A%2F%2Fwww.facebook.com%2Ficastaneryachts%2Fphotos%2Fa.1590099691261568%2F3272909669647220%2F%3Ftype%3D3&amp;show_text=true&amp;width=500\" width=\"500\" height=\"333\" frameborder=\"0\" scrolling=\"no\" allowfullscreen=\"allowfullscreen\"><\/iframe><\/p>\n","protected":false},"excerpt":{"rendered":"<p>Estamos mejorando d\u00eda a d\u00eda pero necesitamos que suba el viento para sacarle el m\u00e1ximo rendimiento a nuestro barco que sufre frente los barcos m\u00e1s grandes y ventolineros.<\/p>\n","protected":false},"author":2,"featured_media":13102,"comment_status":"closed","ping_status":"open","sticky":false,"template":"","format":"standard","meta":{"footnotes":""},"categories":[15],"tags":[],"class_list":["post-13100","post","type-post","status-publish","format-standard","has-post-thumbnail","hentry","category-news"],"yoast_head":"<!-- This site is optimized with the Yoast SEO plugin v27.5 - https:\/\/yoast.com\/product\/yoast-seo-wordpress\/ -->\n<title>La Copa del Rey est\u00e1 al rojo vivo tras los 3 primeros d\u00edas de brisas muy suaves del viento local Embat.<\/title>\n<meta name=\"description\" content=\"Estamos mejorando d\u00eda a d\u00eda pero necesitamos que suba el viento para sacarle el m\u00e1ximo rendimiento a nuestro barco que sufre frente los barcos m\u00e1s grandes\" \/>\n<meta name=\"robots\" content=\"index, follow, max-snippet:-1, max-image-preview:large, max-video-preview:-1\" \/>\n<link rel=\"canonical\" href=\"https:\/\/castaner-yachts.com\/en\/la-copa-del-rey-esta-al-rojo-vivo-tras-los-3-primeros-dias-de-brisas-muy-suaves-del-viento-local-embat\/\" \/>\n<meta property=\"og:locale\" content=\"en_US\" \/>\n<meta property=\"og:type\" content=\"article\" \/>\n<meta property=\"og:title\" content=\"La Copa del Rey est\u00e1 al rojo vivo tras los 3 primeros d\u00edas de brisas muy suaves del viento local Embat.\" \/>\n<meta property=\"og:description\" content=\"Estamos mejorando d\u00eda a d\u00eda pero necesitamos que suba el viento para sacarle el m\u00e1ximo rendimiento a nuestro barco que sufre frente los barcos m\u00e1s grandes\" \/>\n<meta property=\"og:url\" content=\"https:\/\/castaner-yachts.com\/en\/la-copa-del-rey-esta-al-rojo-vivo-tras-los-3-primeros-dias-de-brisas-muy-suaves-del-viento-local-embat\/\" \/>\n<meta property=\"og:site_name\" content=\"I. Casta\u00f1er Yachts. Venta de Barcos nuevos y de segunda mano\" \/>\n<meta property=\"article:published_time\" content=\"2022-08-04T14:09:56+00:00\" \/>\n<meta property=\"article:modified_time\" content=\"2022-08-04T14:11:18+00:00\" \/>\n<meta property=\"og:image\" content=\"https:\/\/castaner-yachts.com\/wp-content\/uploads\/2022\/08\/WhatsApp-Image-2022-08-04-at-7.12.12-AM.jpg\" \/>\n\t<meta property=\"og:image:width\" content=\"600\" \/>\n\t<meta property=\"og:image:height\" content=\"400\" \/>\n\t<meta property=\"og:image:type\" content=\"image\/jpeg\" \/>\n<meta name=\"author\" content=\"ICY\" \/>\n<meta name=\"twitter:card\" content=\"summary_large_image\" \/>\n<meta name=\"twitter:label1\" content=\"Written by\" \/>\n\t<meta name=\"twitter:data1\" content=\"ICY\" \/>\n\t<meta name=\"twitter:label2\" content=\"Est. reading time\" \/>\n\t<meta name=\"twitter:data2\" content=\"1 minute\" \/>\n<script type=\"application\/ld+json\" class=\"yoast-schema-graph\">{\"@context\":\"https:\\\/\\\/schema.org\",\"@graph\":[{\"@type\":\"Article\",\"@id\":\"https:\\\/\\\/castaner-yachts.com\\\/en\\\/la-copa-del-rey-esta-al-rojo-vivo-tras-los-3-primeros-dias-de-brisas-muy-suaves-del-viento-local-embat\\\/#article\",\"isPartOf\":{\"@id\":\"https:\\\/\\\/castaner-yachts.com\\\/en\\\/la-copa-del-rey-esta-al-rojo-vivo-tras-los-3-primeros-dias-de-brisas-muy-suaves-del-viento-local-embat\\\/\"},\"author\":{\"name\":\"ICY\",\"@id\":\"https:\\\/\\\/castaner-yachts.com\\\/#\\\/schema\\\/person\\\/29645b5ad6398bb424f468aaf51e98aa\"},\"headline\":\"La Copa del Rey est\u00e1 al rojo vivo tras los 3 primeros d\u00edas de brisas muy suaves del viento local Embat.\",\"datePublished\":\"2022-08-04T14:09:56+00:00\",\"dateModified\":\"2022-08-04T14:11:18+00:00\",\"mainEntityOfPage\":{\"@id\":\"https:\\\/\\\/castaner-yachts.com\\\/en\\\/la-copa-del-rey-esta-al-rojo-vivo-tras-los-3-primeros-dias-de-brisas-muy-suaves-del-viento-local-embat\\\/\"},\"wordCount\":53,\"publisher\":{\"@id\":\"https:\\\/\\\/castaner-yachts.com\\\/#organization\"},\"image\":{\"@id\":\"https:\\\/\\\/castaner-yachts.com\\\/en\\\/la-copa-del-rey-esta-al-rojo-vivo-tras-los-3-primeros-dias-de-brisas-muy-suaves-del-viento-local-embat\\\/#primaryimage\"},\"thumbnailUrl\":\"https:\\\/\\\/castaner-yachts.com\\\/wp-content\\\/uploads\\\/2022\\\/08\\\/WhatsApp-Image-2022-08-04-at-7.12.12-AM.jpg\",\"articleSection\":[\"News\"],\"inLanguage\":\"en-US\"},{\"@type\":\"WebPage\",\"@id\":\"https:\\\/\\\/castaner-yachts.com\\\/en\\\/la-copa-del-rey-esta-al-rojo-vivo-tras-los-3-primeros-dias-de-brisas-muy-suaves-del-viento-local-embat\\\/\",\"url\":\"https:\\\/\\\/castaner-yachts.com\\\/en\\\/la-copa-del-rey-esta-al-rojo-vivo-tras-los-3-primeros-dias-de-brisas-muy-suaves-del-viento-local-embat\\\/\",\"name\":\"La Copa del Rey est\u00e1 al rojo vivo tras los 3 primeros d\u00edas de brisas muy suaves del viento local Embat.\",\"isPartOf\":{\"@id\":\"https:\\\/\\\/castaner-yachts.com\\\/#website\"},\"primaryImageOfPage\":{\"@id\":\"https:\\\/\\\/castaner-yachts.com\\\/en\\\/la-copa-del-rey-esta-al-rojo-vivo-tras-los-3-primeros-dias-de-brisas-muy-suaves-del-viento-local-embat\\\/#primaryimage\"},\"image\":{\"@id\":\"https:\\\/\\\/castaner-yachts.com\\\/en\\\/la-copa-del-rey-esta-al-rojo-vivo-tras-los-3-primeros-dias-de-brisas-muy-suaves-del-viento-local-embat\\\/#primaryimage\"},\"thumbnailUrl\":\"https:\\\/\\\/castaner-yachts.com\\\/wp-content\\\/uploads\\\/2022\\\/08\\\/WhatsApp-Image-2022-08-04-at-7.12.12-AM.jpg\",\"datePublished\":\"2022-08-04T14:09:56+00:00\",\"dateModified\":\"2022-08-04T14:11:18+00:00\",\"description\":\"Estamos mejorando d\u00eda a d\u00eda pero necesitamos que suba el viento para sacarle el m\u00e1ximo rendimiento a nuestro barco que sufre frente los barcos m\u00e1s grandes\",\"breadcrumb\":{\"@id\":\"https:\\\/\\\/castaner-yachts.com\\\/en\\\/la-copa-del-rey-esta-al-rojo-vivo-tras-los-3-primeros-dias-de-brisas-muy-suaves-del-viento-local-embat\\\/#breadcrumb\"},\"inLanguage\":\"en-US\",\"potentialAction\":[{\"@type\":\"ReadAction\",\"target\":[\"https:\\\/\\\/castaner-yachts.com\\\/en\\\/la-copa-del-rey-esta-al-rojo-vivo-tras-los-3-primeros-dias-de-brisas-muy-suaves-del-viento-local-embat\\\/\"]}]},{\"@type\":\"ImageObject\",\"inLanguage\":\"en-US\",\"@id\":\"https:\\\/\\\/castaner-yachts.com\\\/en\\\/la-copa-del-rey-esta-al-rojo-vivo-tras-los-3-primeros-dias-de-brisas-muy-suaves-del-viento-local-embat\\\/#primaryimage\",\"url\":\"https:\\\/\\\/castaner-yachts.com\\\/wp-content\\\/uploads\\\/2022\\\/08\\\/WhatsApp-Image-2022-08-04-at-7.12.12-AM.jpg\",\"contentUrl\":\"https:\\\/\\\/castaner-yachts.com\\\/wp-content\\\/uploads\\\/2022\\\/08\\\/WhatsApp-Image-2022-08-04-at-7.12.12-AM.jpg\",\"width\":600,\"height\":400},{\"@type\":\"BreadcrumbList\",\"@id\":\"https:\\\/\\\/castaner-yachts.com\\\/en\\\/la-copa-del-rey-esta-al-rojo-vivo-tras-los-3-primeros-dias-de-brisas-muy-suaves-del-viento-local-embat\\\/#breadcrumb\",\"itemListElement\":[{\"@type\":\"ListItem\",\"position\":1,\"name\":\"Portada\",\"item\":\"https:\\\/\\\/castaner-yachts.com\\\/en\\\/\"},{\"@type\":\"ListItem\",\"position\":2,\"name\":\"La Copa del Rey est\u00e1 al rojo vivo tras los 3 primeros d\u00edas de brisas muy suaves del viento local Embat.\"}]},{\"@type\":\"WebSite\",\"@id\":\"https:\\\/\\\/castaner-yachts.com\\\/#website\",\"url\":\"https:\\\/\\\/castaner-yachts.com\\\/\",\"name\":\"I. Casta\u00f1er Yachts. Venta de Barcos nuevos y de segunda mano\",\"description\":\"\",\"publisher\":{\"@id\":\"https:\\\/\\\/castaner-yachts.com\\\/#organization\"},\"potentialAction\":[{\"@type\":\"SearchAction\",\"target\":{\"@type\":\"EntryPoint\",\"urlTemplate\":\"https:\\\/\\\/castaner-yachts.com\\\/?s={search_term_string}\"},\"query-input\":{\"@type\":\"PropertyValueSpecification\",\"valueRequired\":true,\"valueName\":\"search_term_string\"}}],\"inLanguage\":\"en-US\"},{\"@type\":\"Organization\",\"@id\":\"https:\\\/\\\/castaner-yachts.com\\\/#organization\",\"name\":\"Casta\u00f1er Yachts\",\"url\":\"https:\\\/\\\/castaner-yachts.com\\\/\",\"logo\":{\"@type\":\"ImageObject\",\"inLanguage\":\"en-US\",\"@id\":\"https:\\\/\\\/castaner-yachts.com\\\/#\\\/schema\\\/logo\\\/image\\\/\",\"url\":\"https:\\\/\\\/castaner-yachts.com\\\/wp-content\\\/uploads\\\/2019\\\/07\\\/ICY-Icon.png\",\"contentUrl\":\"https:\\\/\\\/castaner-yachts.com\\\/wp-content\\\/uploads\\\/2019\\\/07\\\/ICY-Icon.png\",\"width\":92,\"height\":86,\"caption\":\"Casta\u00f1er Yachts\"},\"image\":{\"@id\":\"https:\\\/\\\/castaner-yachts.com\\\/#\\\/schema\\\/logo\\\/image\\\/\"}},{\"@type\":\"Person\",\"@id\":\"https:\\\/\\\/castaner-yachts.com\\\/#\\\/schema\\\/person\\\/29645b5ad6398bb424f468aaf51e98aa\",\"name\":\"ICY\",\"image\":{\"@type\":\"ImageObject\",\"inLanguage\":\"en-US\",\"@id\":\"https:\\\/\\\/secure.gravatar.com\\\/avatar\\\/f32ba88c136b6167fc646401a814b38b9b59e409472f468300b6959acc85827c?s=96&d=mm&r=g\",\"url\":\"https:\\\/\\\/secure.gravatar.com\\\/avatar\\\/f32ba88c136b6167fc646401a814b38b9b59e409472f468300b6959acc85827c?s=96&d=mm&r=g\",\"contentUrl\":\"https:\\\/\\\/secure.gravatar.com\\\/avatar\\\/f32ba88c136b6167fc646401a814b38b9b59e409472f468300b6959acc85827c?s=96&d=mm&r=g\",\"caption\":\"ICY\"}}]}<\/script>\n<!-- \/ Yoast SEO plugin. -->","yoast_head_json":{"title":"La Copa del Rey est\u00e1 al rojo vivo tras los 3 primeros d\u00edas de brisas muy suaves del viento local Embat.","description":"Estamos mejorando d\u00eda a d\u00eda pero necesitamos que suba el viento para sacarle el m\u00e1ximo rendimiento a nuestro barco que sufre frente los barcos m\u00e1s grandes","robots":{"index":"index","follow":"follow","max-snippet":"max-snippet:-1","max-image-preview":"max-image-preview:large","max-video-preview":"max-video-preview:-1"},"canonical":"https:\/\/castaner-yachts.com\/en\/la-copa-del-rey-esta-al-rojo-vivo-tras-los-3-primeros-dias-de-brisas-muy-suaves-del-viento-local-embat\/","og_locale":"en_US","og_type":"article","og_title":"La Copa del Rey est\u00e1 al rojo vivo tras los 3 primeros d\u00edas de brisas muy suaves del viento local Embat.","og_description":"Estamos mejorando d\u00eda a d\u00eda pero necesitamos que suba el viento para sacarle el m\u00e1ximo rendimiento a nuestro barco que sufre frente los barcos m\u00e1s grandes","og_url":"https:\/\/castaner-yachts.com\/en\/la-copa-del-rey-esta-al-rojo-vivo-tras-los-3-primeros-dias-de-brisas-muy-suaves-del-viento-local-embat\/","og_site_name":"I. Casta\u00f1er Yachts. Venta de Barcos nuevos y de segunda mano","article_published_time":"2022-08-04T14:09:56+00:00","article_modified_time":"2022-08-04T14:11:18+00:00","og_image":[{"width":600,"height":400,"url":"https:\/\/castaner-yachts.com\/wp-content\/uploads\/2022\/08\/WhatsApp-Image-2022-08-04-at-7.12.12-AM.jpg","type":"image\/jpeg"}],"author":"ICY","twitter_card":"summary_large_image","twitter_misc":{"Written by":"ICY","Est. reading time":"1 minute"},"schema":{"@context":"https:\/\/schema.org","@graph":[{"@type":"Article","@id":"https:\/\/castaner-yachts.com\/en\/la-copa-del-rey-esta-al-rojo-vivo-tras-los-3-primeros-dias-de-brisas-muy-suaves-del-viento-local-embat\/#article","isPartOf":{"@id":"https:\/\/castaner-yachts.com\/en\/la-copa-del-rey-esta-al-rojo-vivo-tras-los-3-primeros-dias-de-brisas-muy-suaves-del-viento-local-embat\/"},"author":{"name":"ICY","@id":"https:\/\/castaner-yachts.com\/#\/schema\/person\/29645b5ad6398bb424f468aaf51e98aa"},"headline":"La Copa del Rey est\u00e1 al rojo vivo tras los 3 primeros d\u00edas de brisas muy suaves del viento local Embat.","datePublished":"2022-08-04T14:09:56+00:00","dateModified":"2022-08-04T14:11:18+00:00","mainEntityOfPage":{"@id":"https:\/\/castaner-yachts.com\/en\/la-copa-del-rey-esta-al-rojo-vivo-tras-los-3-primeros-dias-de-brisas-muy-suaves-del-viento-local-embat\/"},"wordCount":53,"publisher":{"@id":"https:\/\/castaner-yachts.com\/#organization"},"image":{"@id":"https:\/\/castaner-yachts.com\/en\/la-copa-del-rey-esta-al-rojo-vivo-tras-los-3-primeros-dias-de-brisas-muy-suaves-del-viento-local-embat\/#primaryimage"},"thumbnailUrl":"https:\/\/castaner-yachts.com\/wp-content\/uploads\/2022\/08\/WhatsApp-Image-2022-08-04-at-7.12.12-AM.jpg","articleSection":["News"],"inLanguage":"en-US"},{"@type":"WebPage","@id":"https:\/\/castaner-yachts.com\/en\/la-copa-del-rey-esta-al-rojo-vivo-tras-los-3-primeros-dias-de-brisas-muy-suaves-del-viento-local-embat\/","url":"https:\/\/castaner-yachts.com\/en\/la-copa-del-rey-esta-al-rojo-vivo-tras-los-3-primeros-dias-de-brisas-muy-suaves-del-viento-local-embat\/","name":"La Copa del Rey est\u00e1 al rojo vivo tras los 3 primeros d\u00edas de brisas muy suaves del viento local Embat.","isPartOf":{"@id":"https:\/\/castaner-yachts.com\/#website"},"primaryImageOfPage":{"@id":"https:\/\/castaner-yachts.com\/en\/la-copa-del-rey-esta-al-rojo-vivo-tras-los-3-primeros-dias-de-brisas-muy-suaves-del-viento-local-embat\/#primaryimage"},"image":{"@id":"https:\/\/castaner-yachts.com\/en\/la-copa-del-rey-esta-al-rojo-vivo-tras-los-3-primeros-dias-de-brisas-muy-suaves-del-viento-local-embat\/#primaryimage"},"thumbnailUrl":"https:\/\/castaner-yachts.com\/wp-content\/uploads\/2022\/08\/WhatsApp-Image-2022-08-04-at-7.12.12-AM.jpg","datePublished":"2022-08-04T14:09:56+00:00","dateModified":"2022-08-04T14:11:18+00:00","description":"Estamos mejorando d\u00eda a d\u00eda pero necesitamos que suba el viento para sacarle el m\u00e1ximo rendimiento a nuestro barco que sufre frente los barcos m\u00e1s grandes","breadcrumb":{"@id":"https:\/\/castaner-yachts.com\/en\/la-copa-del-rey-esta-al-rojo-vivo-tras-los-3-primeros-dias-de-brisas-muy-suaves-del-viento-local-embat\/#breadcrumb"},"inLanguage":"en-US","potentialAction":[{"@type":"ReadAction","target":["https:\/\/castaner-yachts.com\/en\/la-copa-del-rey-esta-al-rojo-vivo-tras-los-3-primeros-dias-de-brisas-muy-suaves-del-viento-local-embat\/"]}]},{"@type":"ImageObject","inLanguage":"en-US","@id":"https:\/\/castaner-yachts.com\/en\/la-copa-del-rey-esta-al-rojo-vivo-tras-los-3-primeros-dias-de-brisas-muy-suaves-del-viento-local-embat\/#primaryimage","url":"https:\/\/castaner-yachts.com\/wp-content\/uploads\/2022\/08\/WhatsApp-Image-2022-08-04-at-7.12.12-AM.jpg","contentUrl":"https:\/\/castaner-yachts.com\/wp-content\/uploads\/2022\/08\/WhatsApp-Image-2022-08-04-at-7.12.12-AM.jpg","width":600,"height":400},{"@type":"BreadcrumbList","@id":"https:\/\/castaner-yachts.com\/en\/la-copa-del-rey-esta-al-rojo-vivo-tras-los-3-primeros-dias-de-brisas-muy-suaves-del-viento-local-embat\/#breadcrumb","itemListElement":[{"@type":"ListItem","position":1,"name":"Portada","item":"https:\/\/castaner-yachts.com\/en\/"},{"@type":"ListItem","position":2,"name":"La Copa del Rey est\u00e1 al rojo vivo tras los 3 primeros d\u00edas de brisas muy suaves del viento local Embat."}]},{"@type":"WebSite","@id":"https:\/\/castaner-yachts.com\/#website","url":"https:\/\/castaner-yachts.com\/","name":"I. Casta\u00f1er Yachts. Venta de Barcos nuevos y de segunda mano","description":"","publisher":{"@id":"https:\/\/castaner-yachts.com\/#organization"},"potentialAction":[{"@type":"SearchAction","target":{"@type":"EntryPoint","urlTemplate":"https:\/\/castaner-yachts.com\/?s={search_term_string}"},"query-input":{"@type":"PropertyValueSpecification","valueRequired":true,"valueName":"search_term_string"}}],"inLanguage":"en-US"},{"@type":"Organization","@id":"https:\/\/castaner-yachts.com\/#organization","name":"Casta\u00f1er Yachts","url":"https:\/\/castaner-yachts.com\/","logo":{"@type":"ImageObject","inLanguage":"en-US","@id":"https:\/\/castaner-yachts.com\/#\/schema\/logo\/image\/","url":"https:\/\/castaner-yachts.com\/wp-content\/uploads\/2019\/07\/ICY-Icon.png","contentUrl":"https:\/\/castaner-yachts.com\/wp-content\/uploads\/2019\/07\/ICY-Icon.png","width":92,"height":86,"caption":"Casta\u00f1er Yachts"},"image":{"@id":"https:\/\/castaner-yachts.com\/#\/schema\/logo\/image\/"}},{"@type":"Person","@id":"https:\/\/castaner-yachts.com\/#\/schema\/person\/29645b5ad6398bb424f468aaf51e98aa","name":"ICY","image":{"@type":"ImageObject","inLanguage":"en-US","@id":"https:\/\/secure.gravatar.com\/avatar\/f32ba88c136b6167fc646401a814b38b9b59e409472f468300b6959acc85827c?s=96&d=mm&r=g","url":"https:\/\/secure.gravatar.com\/avatar\/f32ba88c136b6167fc646401a814b38b9b59e409472f468300b6959acc85827c?s=96&d=mm&r=g","contentUrl":"https:\/\/secure.gravatar.com\/avatar\/f32ba88c136b6167fc646401a814b38b9b59e409472f468300b6959acc85827c?s=96&d=mm&r=g","caption":"ICY"}}]}},"_links":{"self":[{"href":"https:\/\/castaner-yachts.com\/en\/wp-json\/wp\/v2\/posts\/13100","targetHints":{"allow":["GET"]}}],"collection":[{"href":"https:\/\/castaner-yachts.com\/en\/wp-json\/wp\/v2\/posts"}],"about":[{"href":"https:\/\/castaner-yachts.com\/en\/wp-json\/wp\/v2\/types\/post"}],"author":[{"embeddable":true,"href":"https:\/\/castaner-yachts.com\/en\/wp-json\/wp\/v2\/users\/2"}],"replies":[{"embeddable":true,"href":"https:\/\/castaner-yachts.com\/en\/wp-json\/wp\/v2\/comments?post=13100"}],"version-history":[{"count":0,"href":"https:\/\/castaner-yachts.com\/en\/wp-json\/wp\/v2\/posts\/13100\/revisions"}],"wp:featuredmedia":[{"embeddable":true,"href":"https:\/\/castaner-yachts.com\/en\/wp-json\/wp\/v2\/media\/13102"}],"wp:attachment":[{"href":"https:\/\/castaner-yachts.com\/en\/wp-json\/wp\/v2\/media?parent=13100"}],"wp:term":[{"taxonomy":"category","embeddable":true,"href":"https:\/\/castaner-yachts.com\/en\/wp-json\/wp\/v2\/categories?post=13100"},{"taxonomy":"post_tag","embeddable":true,"href":"https:\/\/castaner-yachts.com\/en\/wp-json\/wp\/v2\/tags?post=13100"}],"curies":[{"name":"wp","href":"https:\/\/api.w.org\/{rel}","templated":true}]}}