{"id":2537,"date":"2018-07-29T16:22:03","date_gmt":"2018-07-29T14:22:03","guid":{"rendered":"http:\/\/icastaner.desarrollowebenmalaga.com\/copa-del-rey-6m-bribon\/"},"modified":"2018-07-29T16:22:03","modified_gmt":"2018-07-29T14:22:03","slug":"copa-del-rey-6m-bribon","status":"publish","type":"post","link":"https:\/\/castaner-yachts.com\/en\/copa-del-rey-6m-bribon\/","title":{"rendered":"Copa del Rey- 6M Brib\u00f3n"},"content":{"rendered":"<p>Me ha hecho mucha ilusi\u00f3n la llamada de Pedro Campos para formar parte del Equipo Brib\u00f3n un a\u00f1o m\u00e1s, especialmente con el equipo que gan\u00f3 el a\u00f1o pasado el Campeonato del Mundo en Canad\u00e1. Se presenta una Copa del Rey impresi\u00f3nante con m\u00e1s de 150 barcos y equipos de todo el Mundo. Por nuestra parte como no puede ser de otra manera, esperamos darlo todo y sacarle al barco el m\u00e1ximo rendimiento. El barco es r\u00e1pido y la tripulaci\u00f3n excelente!!<\/p>\n<p><strong>Tripulaci\u00f3n:<\/strong><\/p>\n<ul>\n<li>Pedro Campos<\/li>\n<li>Ross Mac Donald<\/li>\n<li>Jane Abascal<\/li>\n<li>Alberto Viejo<\/li>\n<li>Roy<\/li>\n<li>I\u00f1aki Casta\u00f1er<\/li>\n<\/ul>\n<p><a href=\"https:\/\/castaner-yachts.com\/wp-content\/uploads\/2019\/05\/Copa-del-Rey-6M-Brib\u00f3n-01.jpg\"><img loading=\"lazy\" decoding=\"async\" class=\"aligncenter size-full wp-image-2534\" src=\"https:\/\/castaner-yachts.com\/wp-content\/uploads\/2019\/05\/Copa-del-Rey-6M-Brib\u00f3n-01.jpg\" alt=\"Copa del Rey- 6M Brib\u00f3n\" width=\"720\" height=\"635\" srcset=\"https:\/\/castaner-yachts.com\/wp-content\/uploads\/2019\/05\/Copa-del-Rey-6M-Brib\u00f3n-01.jpg 720w, https:\/\/castaner-yachts.com\/wp-content\/uploads\/2019\/05\/Copa-del-Rey-6M-Brib\u00f3n-01-300x265.jpg 300w, https:\/\/castaner-yachts.com\/wp-content\/uploads\/2019\/05\/Copa-del-Rey-6M-Brib\u00f3n-01-705x622.jpg 705w, https:\/\/castaner-yachts.com\/wp-content\/uploads\/2019\/05\/Copa-del-Rey-6M-Brib\u00f3n-01-450x397.jpg 450w\" sizes=\"auto, (max-width: 720px) 100vw, 720px\" \/><\/a><\/p>\n","protected":false},"excerpt":{"rendered":"<p>Me ha hecho mucha ilusi\u00f3n la llamada de Pedro Campos para formar parte del Equipo Brib\u00f3n un a\u00f1o m\u00e1s, especialmente con el equipo que gan\u00f3 el a\u00f1o pasado el Campeonato del Mundo en Canad\u00e1. Se presenta una Copa del Rey impresi\u00f3nante con m\u00e1s de 150 barcos y equipos de todo el Mundo. Por nuestra parte [&hellip;]<\/p>\n","protected":false},"author":2,"featured_media":2535,"comment_status":"closed","ping_status":"open","sticky":false,"template":"","format":"standard","meta":{"footnotes":""},"categories":[15],"tags":[],"class_list":["post-2537","post","type-post","status-publish","format-standard","has-post-thumbnail","hentry","category-news"],"yoast_head":"<!-- This site is optimized with the Yoast SEO plugin v27.5 - https:\/\/yoast.com\/product\/yoast-seo-wordpress\/ -->\n<title>Copa del Rey- 6M Brib\u00f3n<\/title>\n<meta name=\"description\" content=\"Me ha hecho mucha ilusi\u00f3n la llamada de Pedro Campos para formar parte del Equipo Brib\u00f3n un a\u00f1o m\u00e1s, especialmente con el equipo que gan\u00f3 el a\u00f1o pasado el\" \/>\n<meta name=\"robots\" content=\"index, follow, max-snippet:-1, max-image-preview:large, max-video-preview:-1\" \/>\n<link rel=\"canonical\" href=\"https:\/\/castaner-yachts.com\/en\/copa-del-rey-6m-bribon\/\" \/>\n<meta property=\"og:locale\" content=\"en_US\" \/>\n<meta property=\"og:type\" content=\"article\" \/>\n<meta property=\"og:title\" content=\"Copa del Rey- 6M Brib\u00f3n\" \/>\n<meta property=\"og:description\" content=\"Me ha hecho mucha ilusi\u00f3n la llamada de Pedro Campos para formar parte del Equipo Brib\u00f3n un a\u00f1o m\u00e1s, especialmente con el equipo que gan\u00f3 el a\u00f1o pasado el\" \/>\n<meta property=\"og:url\" content=\"https:\/\/castaner-yachts.com\/en\/copa-del-rey-6m-bribon\/\" \/>\n<meta property=\"og:site_name\" content=\"I. Casta\u00f1er Yachts. Venta de Barcos nuevos y de segunda mano\" \/>\n<meta property=\"article:published_time\" content=\"2018-07-29T14:22:03+00:00\" \/>\n<meta property=\"og:image\" content=\"https:\/\/castaner-yachts.com\/wp-content\/uploads\/2019\/05\/Copa-del-Rey-6M-Brib\u00f3n-01.jpg\" \/>\n\t<meta property=\"og:image:width\" content=\"720\" \/>\n\t<meta property=\"og:image:height\" content=\"635\" \/>\n\t<meta property=\"og:image:type\" content=\"image\/jpeg\" \/>\n<meta name=\"author\" content=\"ICY\" \/>\n<meta name=\"twitter:card\" content=\"summary_large_image\" \/>\n<meta name=\"twitter:label1\" content=\"Written by\" \/>\n\t<meta name=\"twitter:data1\" content=\"ICY\" \/>\n\t<meta name=\"twitter:label2\" content=\"Est. reading time\" \/>\n\t<meta name=\"twitter:data2\" content=\"1 minute\" \/>\n<script type=\"application\/ld+json\" class=\"yoast-schema-graph\">{\"@context\":\"https:\\\/\\\/schema.org\",\"@graph\":[{\"@type\":\"Article\",\"@id\":\"https:\\\/\\\/castaner-yachts.com\\\/en\\\/copa-del-rey-6m-bribon\\\/#article\",\"isPartOf\":{\"@id\":\"https:\\\/\\\/castaner-yachts.com\\\/en\\\/copa-del-rey-6m-bribon\\\/\"},\"author\":{\"name\":\"ICY\",\"@id\":\"https:\\\/\\\/castaner-yachts.com\\\/#\\\/schema\\\/person\\\/29645b5ad6398bb424f468aaf51e98aa\"},\"headline\":\"Copa del Rey- 6M Brib\u00f3n\",\"datePublished\":\"2018-07-29T14:22:03+00:00\",\"mainEntityOfPage\":{\"@id\":\"https:\\\/\\\/castaner-yachts.com\\\/en\\\/copa-del-rey-6m-bribon\\\/\"},\"wordCount\":111,\"publisher\":{\"@id\":\"https:\\\/\\\/castaner-yachts.com\\\/#organization\"},\"image\":{\"@id\":\"https:\\\/\\\/castaner-yachts.com\\\/en\\\/copa-del-rey-6m-bribon\\\/#primaryimage\"},\"thumbnailUrl\":\"https:\\\/\\\/castaner-yachts.com\\\/wp-content\\\/uploads\\\/2019\\\/05\\\/Copa-del-Rey-6M-Brib\u00f3n-01.jpg\",\"articleSection\":[\"News\"],\"inLanguage\":\"en-US\"},{\"@type\":\"WebPage\",\"@id\":\"https:\\\/\\\/castaner-yachts.com\\\/en\\\/copa-del-rey-6m-bribon\\\/\",\"url\":\"https:\\\/\\\/castaner-yachts.com\\\/en\\\/copa-del-rey-6m-bribon\\\/\",\"name\":\"Copa del Rey- 6M Brib\u00f3n\",\"isPartOf\":{\"@id\":\"https:\\\/\\\/castaner-yachts.com\\\/#website\"},\"primaryImageOfPage\":{\"@id\":\"https:\\\/\\\/castaner-yachts.com\\\/en\\\/copa-del-rey-6m-bribon\\\/#primaryimage\"},\"image\":{\"@id\":\"https:\\\/\\\/castaner-yachts.com\\\/en\\\/copa-del-rey-6m-bribon\\\/#primaryimage\"},\"thumbnailUrl\":\"https:\\\/\\\/castaner-yachts.com\\\/wp-content\\\/uploads\\\/2019\\\/05\\\/Copa-del-Rey-6M-Brib\u00f3n-01.jpg\",\"datePublished\":\"2018-07-29T14:22:03+00:00\",\"description\":\"Me ha hecho mucha ilusi\u00f3n la llamada de Pedro Campos para formar parte del Equipo Brib\u00f3n un a\u00f1o m\u00e1s, especialmente con el equipo que gan\u00f3 el a\u00f1o pasado el\",\"breadcrumb\":{\"@id\":\"https:\\\/\\\/castaner-yachts.com\\\/en\\\/copa-del-rey-6m-bribon\\\/#breadcrumb\"},\"inLanguage\":\"en-US\",\"potentialAction\":[{\"@type\":\"ReadAction\",\"target\":[\"https:\\\/\\\/castaner-yachts.com\\\/en\\\/copa-del-rey-6m-bribon\\\/\"]}]},{\"@type\":\"ImageObject\",\"inLanguage\":\"en-US\",\"@id\":\"https:\\\/\\\/castaner-yachts.com\\\/en\\\/copa-del-rey-6m-bribon\\\/#primaryimage\",\"url\":\"https:\\\/\\\/castaner-yachts.com\\\/wp-content\\\/uploads\\\/2019\\\/05\\\/Copa-del-Rey-6M-Brib\u00f3n-01.jpg\",\"contentUrl\":\"https:\\\/\\\/castaner-yachts.com\\\/wp-content\\\/uploads\\\/2019\\\/05\\\/Copa-del-Rey-6M-Brib\u00f3n-01.jpg\",\"width\":720,\"height\":635,\"caption\":\"Copa del Rey- 6M Brib\u00f3n\"},{\"@type\":\"BreadcrumbList\",\"@id\":\"https:\\\/\\\/castaner-yachts.com\\\/en\\\/copa-del-rey-6m-bribon\\\/#breadcrumb\",\"itemListElement\":[{\"@type\":\"ListItem\",\"position\":1,\"name\":\"Portada\",\"item\":\"https:\\\/\\\/castaner-yachts.com\\\/en\\\/\"},{\"@type\":\"ListItem\",\"position\":2,\"name\":\"Copa del Rey- 6M Brib\u00f3n\"}]},{\"@type\":\"WebSite\",\"@id\":\"https:\\\/\\\/castaner-yachts.com\\\/#website\",\"url\":\"https:\\\/\\\/castaner-yachts.com\\\/\",\"name\":\"I. Casta\u00f1er Yachts. Venta de Barcos nuevos y de segunda mano\",\"description\":\"\",\"publisher\":{\"@id\":\"https:\\\/\\\/castaner-yachts.com\\\/#organization\"},\"potentialAction\":[{\"@type\":\"SearchAction\",\"target\":{\"@type\":\"EntryPoint\",\"urlTemplate\":\"https:\\\/\\\/castaner-yachts.com\\\/?s={search_term_string}\"},\"query-input\":{\"@type\":\"PropertyValueSpecification\",\"valueRequired\":true,\"valueName\":\"search_term_string\"}}],\"inLanguage\":\"en-US\"},{\"@type\":\"Organization\",\"@id\":\"https:\\\/\\\/castaner-yachts.com\\\/#organization\",\"name\":\"Casta\u00f1er Yachts\",\"url\":\"https:\\\/\\\/castaner-yachts.com\\\/\",\"logo\":{\"@type\":\"ImageObject\",\"inLanguage\":\"en-US\",\"@id\":\"https:\\\/\\\/castaner-yachts.com\\\/#\\\/schema\\\/logo\\\/image\\\/\",\"url\":\"https:\\\/\\\/castaner-yachts.com\\\/wp-content\\\/uploads\\\/2019\\\/07\\\/ICY-Icon.png\",\"contentUrl\":\"https:\\\/\\\/castaner-yachts.com\\\/wp-content\\\/uploads\\\/2019\\\/07\\\/ICY-Icon.png\",\"width\":92,\"height\":86,\"caption\":\"Casta\u00f1er Yachts\"},\"image\":{\"@id\":\"https:\\\/\\\/castaner-yachts.com\\\/#\\\/schema\\\/logo\\\/image\\\/\"}},{\"@type\":\"Person\",\"@id\":\"https:\\\/\\\/castaner-yachts.com\\\/#\\\/schema\\\/person\\\/29645b5ad6398bb424f468aaf51e98aa\",\"name\":\"ICY\",\"image\":{\"@type\":\"ImageObject\",\"inLanguage\":\"en-US\",\"@id\":\"https:\\\/\\\/secure.gravatar.com\\\/avatar\\\/f32ba88c136b6167fc646401a814b38b9b59e409472f468300b6959acc85827c?s=96&d=mm&r=g\",\"url\":\"https:\\\/\\\/secure.gravatar.com\\\/avatar\\\/f32ba88c136b6167fc646401a814b38b9b59e409472f468300b6959acc85827c?s=96&d=mm&r=g\",\"contentUrl\":\"https:\\\/\\\/secure.gravatar.com\\\/avatar\\\/f32ba88c136b6167fc646401a814b38b9b59e409472f468300b6959acc85827c?s=96&d=mm&r=g\",\"caption\":\"ICY\"}}]}<\/script>\n<!-- \/ Yoast SEO plugin. -->","yoast_head_json":{"title":"Copa del Rey- 6M Brib\u00f3n","description":"Me ha hecho mucha ilusi\u00f3n la llamada de Pedro Campos para formar parte del Equipo Brib\u00f3n un a\u00f1o m\u00e1s, especialmente con el equipo que gan\u00f3 el a\u00f1o pasado el","robots":{"index":"index","follow":"follow","max-snippet":"max-snippet:-1","max-image-preview":"max-image-preview:large","max-video-preview":"max-video-preview:-1"},"canonical":"https:\/\/castaner-yachts.com\/en\/copa-del-rey-6m-bribon\/","og_locale":"en_US","og_type":"article","og_title":"Copa del Rey- 6M Brib\u00f3n","og_description":"Me ha hecho mucha ilusi\u00f3n la llamada de Pedro Campos para formar parte del Equipo Brib\u00f3n un a\u00f1o m\u00e1s, especialmente con el equipo que gan\u00f3 el a\u00f1o pasado el","og_url":"https:\/\/castaner-yachts.com\/en\/copa-del-rey-6m-bribon\/","og_site_name":"I. Casta\u00f1er Yachts. Venta de Barcos nuevos y de segunda mano","article_published_time":"2018-07-29T14:22:03+00:00","og_image":[{"width":720,"height":635,"url":"https:\/\/castaner-yachts.com\/wp-content\/uploads\/2019\/05\/Copa-del-Rey-6M-Brib\u00f3n-01.jpg","type":"image\/jpeg"}],"author":"ICY","twitter_card":"summary_large_image","twitter_misc":{"Written by":"ICY","Est. reading time":"1 minute"},"schema":{"@context":"https:\/\/schema.org","@graph":[{"@type":"Article","@id":"https:\/\/castaner-yachts.com\/en\/copa-del-rey-6m-bribon\/#article","isPartOf":{"@id":"https:\/\/castaner-yachts.com\/en\/copa-del-rey-6m-bribon\/"},"author":{"name":"ICY","@id":"https:\/\/castaner-yachts.com\/#\/schema\/person\/29645b5ad6398bb424f468aaf51e98aa"},"headline":"Copa del Rey- 6M Brib\u00f3n","datePublished":"2018-07-29T14:22:03+00:00","mainEntityOfPage":{"@id":"https:\/\/castaner-yachts.com\/en\/copa-del-rey-6m-bribon\/"},"wordCount":111,"publisher":{"@id":"https:\/\/castaner-yachts.com\/#organization"},"image":{"@id":"https:\/\/castaner-yachts.com\/en\/copa-del-rey-6m-bribon\/#primaryimage"},"thumbnailUrl":"https:\/\/castaner-yachts.com\/wp-content\/uploads\/2019\/05\/Copa-del-Rey-6M-Brib\u00f3n-01.jpg","articleSection":["News"],"inLanguage":"en-US"},{"@type":"WebPage","@id":"https:\/\/castaner-yachts.com\/en\/copa-del-rey-6m-bribon\/","url":"https:\/\/castaner-yachts.com\/en\/copa-del-rey-6m-bribon\/","name":"Copa del Rey- 6M Brib\u00f3n","isPartOf":{"@id":"https:\/\/castaner-yachts.com\/#website"},"primaryImageOfPage":{"@id":"https:\/\/castaner-yachts.com\/en\/copa-del-rey-6m-bribon\/#primaryimage"},"image":{"@id":"https:\/\/castaner-yachts.com\/en\/copa-del-rey-6m-bribon\/#primaryimage"},"thumbnailUrl":"https:\/\/castaner-yachts.com\/wp-content\/uploads\/2019\/05\/Copa-del-Rey-6M-Brib\u00f3n-01.jpg","datePublished":"2018-07-29T14:22:03+00:00","description":"Me ha hecho mucha ilusi\u00f3n la llamada de Pedro Campos para formar parte del Equipo Brib\u00f3n un a\u00f1o m\u00e1s, especialmente con el equipo que gan\u00f3 el a\u00f1o pasado el","breadcrumb":{"@id":"https:\/\/castaner-yachts.com\/en\/copa-del-rey-6m-bribon\/#breadcrumb"},"inLanguage":"en-US","potentialAction":[{"@type":"ReadAction","target":["https:\/\/castaner-yachts.com\/en\/copa-del-rey-6m-bribon\/"]}]},{"@type":"ImageObject","inLanguage":"en-US","@id":"https:\/\/castaner-yachts.com\/en\/copa-del-rey-6m-bribon\/#primaryimage","url":"https:\/\/castaner-yachts.com\/wp-content\/uploads\/2019\/05\/Copa-del-Rey-6M-Brib\u00f3n-01.jpg","contentUrl":"https:\/\/castaner-yachts.com\/wp-content\/uploads\/2019\/05\/Copa-del-Rey-6M-Brib\u00f3n-01.jpg","width":720,"height":635,"caption":"Copa del Rey- 6M Brib\u00f3n"},{"@type":"BreadcrumbList","@id":"https:\/\/castaner-yachts.com\/en\/copa-del-rey-6m-bribon\/#breadcrumb","itemListElement":[{"@type":"ListItem","position":1,"name":"Portada","item":"https:\/\/castaner-yachts.com\/en\/"},{"@type":"ListItem","position":2,"name":"Copa del Rey- 6M Brib\u00f3n"}]},{"@type":"WebSite","@id":"https:\/\/castaner-yachts.com\/#website","url":"https:\/\/castaner-yachts.com\/","name":"I. Casta\u00f1er Yachts. Venta de Barcos nuevos y de segunda mano","description":"","publisher":{"@id":"https:\/\/castaner-yachts.com\/#organization"},"potentialAction":[{"@type":"SearchAction","target":{"@type":"EntryPoint","urlTemplate":"https:\/\/castaner-yachts.com\/?s={search_term_string}"},"query-input":{"@type":"PropertyValueSpecification","valueRequired":true,"valueName":"search_term_string"}}],"inLanguage":"en-US"},{"@type":"Organization","@id":"https:\/\/castaner-yachts.com\/#organization","name":"Casta\u00f1er Yachts","url":"https:\/\/castaner-yachts.com\/","logo":{"@type":"ImageObject","inLanguage":"en-US","@id":"https:\/\/castaner-yachts.com\/#\/schema\/logo\/image\/","url":"https:\/\/castaner-yachts.com\/wp-content\/uploads\/2019\/07\/ICY-Icon.png","contentUrl":"https:\/\/castaner-yachts.com\/wp-content\/uploads\/2019\/07\/ICY-Icon.png","width":92,"height":86,"caption":"Casta\u00f1er Yachts"},"image":{"@id":"https:\/\/castaner-yachts.com\/#\/schema\/logo\/image\/"}},{"@type":"Person","@id":"https:\/\/castaner-yachts.com\/#\/schema\/person\/29645b5ad6398bb424f468aaf51e98aa","name":"ICY","image":{"@type":"ImageObject","inLanguage":"en-US","@id":"https:\/\/secure.gravatar.com\/avatar\/f32ba88c136b6167fc646401a814b38b9b59e409472f468300b6959acc85827c?s=96&d=mm&r=g","url":"https:\/\/secure.gravatar.com\/avatar\/f32ba88c136b6167fc646401a814b38b9b59e409472f468300b6959acc85827c?s=96&d=mm&r=g","contentUrl":"https:\/\/secure.gravatar.com\/avatar\/f32ba88c136b6167fc646401a814b38b9b59e409472f468300b6959acc85827c?s=96&d=mm&r=g","caption":"ICY"}}]}},"_links":{"self":[{"href":"https:\/\/castaner-yachts.com\/en\/wp-json\/wp\/v2\/posts\/2537","targetHints":{"allow":["GET"]}}],"collection":[{"href":"https:\/\/castaner-yachts.com\/en\/wp-json\/wp\/v2\/posts"}],"about":[{"href":"https:\/\/castaner-yachts.com\/en\/wp-json\/wp\/v2\/types\/post"}],"author":[{"embeddable":true,"href":"https:\/\/castaner-yachts.com\/en\/wp-json\/wp\/v2\/users\/2"}],"replies":[{"embeddable":true,"href":"https:\/\/castaner-yachts.com\/en\/wp-json\/wp\/v2\/comments?post=2537"}],"version-history":[{"count":0,"href":"https:\/\/castaner-yachts.com\/en\/wp-json\/wp\/v2\/posts\/2537\/revisions"}],"wp:featuredmedia":[{"embeddable":true,"href":"https:\/\/castaner-yachts.com\/en\/wp-json\/wp\/v2\/media\/2535"}],"wp:attachment":[{"href":"https:\/\/castaner-yachts.com\/en\/wp-json\/wp\/v2\/media?parent=2537"}],"wp:term":[{"taxonomy":"category","embeddable":true,"href":"https:\/\/castaner-yachts.com\/en\/wp-json\/wp\/v2\/categories?post=2537"},{"taxonomy":"post_tag","embeddable":true,"href":"https:\/\/castaner-yachts.com\/en\/wp-json\/wp\/v2\/tags?post=2537"}],"curies":[{"name":"wp","href":"https:\/\/api.w.org\/{rel}","templated":true}]}}