{"id":2566,"date":"2018-09-08T16:33:54","date_gmt":"2018-09-08T14:33:54","guid":{"rendered":"http:\/\/icastaner.desarrollowebenmalaga.com\/final-del-mundial-de-mini-maxis\/"},"modified":"2018-09-08T16:33:54","modified_gmt":"2018-09-08T14:33:54","slug":"final-del-mundial-de-mini-maxis","status":"publish","type":"post","link":"https:\/\/castaner-yachts.com\/en\/final-del-mundial-de-mini-maxis\/","title":{"rendered":"Final del Mundial de Mini Maxis"},"content":{"rendered":"<p>Final del Mundial de Mini Maxis en Puerto Cervo a bordo del SIX JAGUAR Ha sido un magn\u00edfico campeonato marcado por el nivel de embarcaciones y el fant\u00e1stico campo de regatas que es Porto Cervo. A bordo del Six Jaguar, Swan 65 hemos vivido muchas experiencias y alg\u00fan accidente que nos ha hecho perder dos puestos en la general. El tercer d\u00eda de regatas se cay\u00f3 un tripulante por el portillo de la proa arriando un g\u00e9nova con bastante viento y tuvimos que retirarnos para acudir al servicio m\u00e9dico de la regata y finalmente el tripulante fue llevado al aeropuerto de Olbia en helic\u00f3ptero, con una fuerte contusi\u00f3n en el costado y en la cabeza. Pero hemos seguido empujando nuestro barco hasta el final con dos magn\u00edficas regatas y muy buenas sensaciones para la Swan Cup que comienza el pr\u00f3ximo martes d\u00eda 12 septiembre aqu\u00ed en Puerto Cervo. Pr\u00f3ximo lunes d\u00eda 11 jornada de entrenamiento con refuerzos de tripulaci\u00f3n y a tope para competir contra la flota de 118 barcos Swan y 10 barcos iguales al nuestro. I\u00f1aki Casta\u00f1er<\/p>\n<p><a href=\"https:\/\/castaner-yachts.com\/wp-content\/uploads\/2019\/05\/Final-del-Mundial-de-Mini-Maxis-01.jpg\"><img loading=\"lazy\" decoding=\"async\" class=\"aligncenter size-full wp-image-2561\" src=\"https:\/\/castaner-yachts.com\/wp-content\/uploads\/2019\/05\/Final-del-Mundial-de-Mini-Maxis-01.jpg\" alt=\"Final del Mundial de Mini Maxis\" width=\"900\" height=\"675\" srcset=\"https:\/\/castaner-yachts.com\/wp-content\/uploads\/2019\/05\/Final-del-Mundial-de-Mini-Maxis-01.jpg 900w, https:\/\/castaner-yachts.com\/wp-content\/uploads\/2019\/05\/Final-del-Mundial-de-Mini-Maxis-01-300x225.jpg 300w, https:\/\/castaner-yachts.com\/wp-content\/uploads\/2019\/05\/Final-del-Mundial-de-Mini-Maxis-01-768x576.jpg 768w, https:\/\/castaner-yachts.com\/wp-content\/uploads\/2019\/05\/Final-del-Mundial-de-Mini-Maxis-01-705x529.jpg 705w, https:\/\/castaner-yachts.com\/wp-content\/uploads\/2019\/05\/Final-del-Mundial-de-Mini-Maxis-01-450x338.jpg 450w\" sizes=\"auto, (max-width: 900px) 100vw, 900px\" \/><\/a> <a href=\"https:\/\/castaner-yachts.com\/wp-content\/uploads\/2019\/05\/Final-del-Mundial-de-Mini-Maxis-02.jpg\"><img loading=\"lazy\" decoding=\"async\" class=\"aligncenter size-full wp-image-2563\" src=\"https:\/\/castaner-yachts.com\/wp-content\/uploads\/2019\/05\/Final-del-Mundial-de-Mini-Maxis-02.jpg\" alt=\"Final del Mundial de Mini Maxis\" width=\"900\" height=\"584\" srcset=\"https:\/\/castaner-yachts.com\/wp-content\/uploads\/2019\/05\/Final-del-Mundial-de-Mini-Maxis-02.jpg 900w, https:\/\/castaner-yachts.com\/wp-content\/uploads\/2019\/05\/Final-del-Mundial-de-Mini-Maxis-02-300x195.jpg 300w, https:\/\/castaner-yachts.com\/wp-content\/uploads\/2019\/05\/Final-del-Mundial-de-Mini-Maxis-02-768x498.jpg 768w, https:\/\/castaner-yachts.com\/wp-content\/uploads\/2019\/05\/Final-del-Mundial-de-Mini-Maxis-02-705x457.jpg 705w, https:\/\/castaner-yachts.com\/wp-content\/uploads\/2019\/05\/Final-del-Mundial-de-Mini-Maxis-02-450x292.jpg 450w\" sizes=\"auto, (max-width: 900px) 100vw, 900px\" \/><\/a><\/p>\n","protected":false},"excerpt":{"rendered":"<p>Final del Mundial de Mini Maxis en Puerto Cervo a bordo del SIX JAGUAR Ha sido un magn\u00edfico campeonato marcado por el nivel de embarcaciones y el fant\u00e1stico campo de regatas que es Porto Cervo. A bordo del Six Jaguar, Swan 65 hemos vivido muchas experiencias y alg\u00fan accidente que nos ha hecho perder dos [&hellip;]<\/p>\n","protected":false},"author":2,"featured_media":2562,"comment_status":"closed","ping_status":"open","sticky":false,"template":"","format":"standard","meta":{"footnotes":""},"categories":[15],"tags":[],"class_list":["post-2566","post","type-post","status-publish","format-standard","has-post-thumbnail","hentry","category-news"],"yoast_head":"<!-- This site is optimized with the Yoast SEO plugin v27.5 - https:\/\/yoast.com\/product\/yoast-seo-wordpress\/ -->\n<title>Final del Mundial de Mini Maxis<\/title>\n<meta name=\"description\" content=\"Final del Mundial de Mini Maxis en Puerto Cervo a bordo del SIX JAGUAR Ha sido un magn\u00edfico campeonato marcado por el nivel de embarcaciones y el\" \/>\n<meta name=\"robots\" content=\"index, follow, max-snippet:-1, max-image-preview:large, max-video-preview:-1\" \/>\n<link rel=\"canonical\" href=\"https:\/\/castaner-yachts.com\/en\/final-del-mundial-de-mini-maxis\/\" \/>\n<meta property=\"og:locale\" content=\"en_US\" \/>\n<meta property=\"og:type\" content=\"article\" \/>\n<meta property=\"og:title\" content=\"Final del Mundial de Mini Maxis\" \/>\n<meta property=\"og:description\" content=\"Final del Mundial de Mini Maxis en Puerto Cervo a bordo del SIX JAGUAR Ha sido un magn\u00edfico campeonato marcado por el nivel de embarcaciones y el\" \/>\n<meta property=\"og:url\" content=\"https:\/\/castaner-yachts.com\/en\/final-del-mundial-de-mini-maxis\/\" \/>\n<meta property=\"og:site_name\" content=\"I. Casta\u00f1er Yachts. Venta de Barcos nuevos y de segunda mano\" \/>\n<meta property=\"article:published_time\" content=\"2018-09-08T14:33:54+00:00\" \/>\n<meta property=\"og:image\" content=\"https:\/\/castaner-yachts.com\/wp-content\/uploads\/2019\/05\/Final-del-Mundial-de-Mini-Maxis-01.jpg\" \/>\n\t<meta property=\"og:image:width\" content=\"900\" \/>\n\t<meta property=\"og:image:height\" content=\"675\" \/>\n\t<meta property=\"og:image:type\" content=\"image\/jpeg\" \/>\n<meta name=\"author\" content=\"ICY\" \/>\n<meta name=\"twitter:card\" content=\"summary_large_image\" \/>\n<meta name=\"twitter:label1\" content=\"Written by\" \/>\n\t<meta name=\"twitter:data1\" content=\"ICY\" \/>\n\t<meta name=\"twitter:label2\" content=\"Est. reading time\" \/>\n\t<meta name=\"twitter:data2\" content=\"1 minute\" \/>\n<script type=\"application\/ld+json\" class=\"yoast-schema-graph\">{\"@context\":\"https:\\\/\\\/schema.org\",\"@graph\":[{\"@type\":\"Article\",\"@id\":\"https:\\\/\\\/castaner-yachts.com\\\/en\\\/final-del-mundial-de-mini-maxis\\\/#article\",\"isPartOf\":{\"@id\":\"https:\\\/\\\/castaner-yachts.com\\\/en\\\/final-del-mundial-de-mini-maxis\\\/\"},\"author\":{\"name\":\"ICY\",\"@id\":\"https:\\\/\\\/castaner-yachts.com\\\/#\\\/schema\\\/person\\\/29645b5ad6398bb424f468aaf51e98aa\"},\"headline\":\"Final del Mundial de Mini Maxis\",\"datePublished\":\"2018-09-08T14:33:54+00:00\",\"mainEntityOfPage\":{\"@id\":\"https:\\\/\\\/castaner-yachts.com\\\/en\\\/final-del-mundial-de-mini-maxis\\\/\"},\"wordCount\":196,\"publisher\":{\"@id\":\"https:\\\/\\\/castaner-yachts.com\\\/#organization\"},\"image\":{\"@id\":\"https:\\\/\\\/castaner-yachts.com\\\/en\\\/final-del-mundial-de-mini-maxis\\\/#primaryimage\"},\"thumbnailUrl\":\"https:\\\/\\\/castaner-yachts.com\\\/wp-content\\\/uploads\\\/2019\\\/05\\\/Final-del-Mundial-de-Mini-Maxis-01.jpg\",\"articleSection\":[\"News\"],\"inLanguage\":\"en-US\"},{\"@type\":\"WebPage\",\"@id\":\"https:\\\/\\\/castaner-yachts.com\\\/en\\\/final-del-mundial-de-mini-maxis\\\/\",\"url\":\"https:\\\/\\\/castaner-yachts.com\\\/en\\\/final-del-mundial-de-mini-maxis\\\/\",\"name\":\"Final del Mundial de Mini Maxis\",\"isPartOf\":{\"@id\":\"https:\\\/\\\/castaner-yachts.com\\\/#website\"},\"primaryImageOfPage\":{\"@id\":\"https:\\\/\\\/castaner-yachts.com\\\/en\\\/final-del-mundial-de-mini-maxis\\\/#primaryimage\"},\"image\":{\"@id\":\"https:\\\/\\\/castaner-yachts.com\\\/en\\\/final-del-mundial-de-mini-maxis\\\/#primaryimage\"},\"thumbnailUrl\":\"https:\\\/\\\/castaner-yachts.com\\\/wp-content\\\/uploads\\\/2019\\\/05\\\/Final-del-Mundial-de-Mini-Maxis-01.jpg\",\"datePublished\":\"2018-09-08T14:33:54+00:00\",\"description\":\"Final del Mundial de Mini Maxis en Puerto Cervo a bordo del SIX JAGUAR Ha sido un magn\u00edfico campeonato marcado por el nivel de embarcaciones y el\",\"breadcrumb\":{\"@id\":\"https:\\\/\\\/castaner-yachts.com\\\/en\\\/final-del-mundial-de-mini-maxis\\\/#breadcrumb\"},\"inLanguage\":\"en-US\",\"potentialAction\":[{\"@type\":\"ReadAction\",\"target\":[\"https:\\\/\\\/castaner-yachts.com\\\/en\\\/final-del-mundial-de-mini-maxis\\\/\"]}]},{\"@type\":\"ImageObject\",\"inLanguage\":\"en-US\",\"@id\":\"https:\\\/\\\/castaner-yachts.com\\\/en\\\/final-del-mundial-de-mini-maxis\\\/#primaryimage\",\"url\":\"https:\\\/\\\/castaner-yachts.com\\\/wp-content\\\/uploads\\\/2019\\\/05\\\/Final-del-Mundial-de-Mini-Maxis-01.jpg\",\"contentUrl\":\"https:\\\/\\\/castaner-yachts.com\\\/wp-content\\\/uploads\\\/2019\\\/05\\\/Final-del-Mundial-de-Mini-Maxis-01.jpg\",\"width\":900,\"height\":675,\"caption\":\"Final del Mundial de Mini Maxis\"},{\"@type\":\"BreadcrumbList\",\"@id\":\"https:\\\/\\\/castaner-yachts.com\\\/en\\\/final-del-mundial-de-mini-maxis\\\/#breadcrumb\",\"itemListElement\":[{\"@type\":\"ListItem\",\"position\":1,\"name\":\"Portada\",\"item\":\"https:\\\/\\\/castaner-yachts.com\\\/en\\\/\"},{\"@type\":\"ListItem\",\"position\":2,\"name\":\"Final del Mundial de Mini Maxis\"}]},{\"@type\":\"WebSite\",\"@id\":\"https:\\\/\\\/castaner-yachts.com\\\/#website\",\"url\":\"https:\\\/\\\/castaner-yachts.com\\\/\",\"name\":\"I. Casta\u00f1er Yachts. Venta de Barcos nuevos y de segunda mano\",\"description\":\"\",\"publisher\":{\"@id\":\"https:\\\/\\\/castaner-yachts.com\\\/#organization\"},\"potentialAction\":[{\"@type\":\"SearchAction\",\"target\":{\"@type\":\"EntryPoint\",\"urlTemplate\":\"https:\\\/\\\/castaner-yachts.com\\\/?s={search_term_string}\"},\"query-input\":{\"@type\":\"PropertyValueSpecification\",\"valueRequired\":true,\"valueName\":\"search_term_string\"}}],\"inLanguage\":\"en-US\"},{\"@type\":\"Organization\",\"@id\":\"https:\\\/\\\/castaner-yachts.com\\\/#organization\",\"name\":\"Casta\u00f1er Yachts\",\"url\":\"https:\\\/\\\/castaner-yachts.com\\\/\",\"logo\":{\"@type\":\"ImageObject\",\"inLanguage\":\"en-US\",\"@id\":\"https:\\\/\\\/castaner-yachts.com\\\/#\\\/schema\\\/logo\\\/image\\\/\",\"url\":\"https:\\\/\\\/castaner-yachts.com\\\/wp-content\\\/uploads\\\/2019\\\/07\\\/ICY-Icon.png\",\"contentUrl\":\"https:\\\/\\\/castaner-yachts.com\\\/wp-content\\\/uploads\\\/2019\\\/07\\\/ICY-Icon.png\",\"width\":92,\"height\":86,\"caption\":\"Casta\u00f1er Yachts\"},\"image\":{\"@id\":\"https:\\\/\\\/castaner-yachts.com\\\/#\\\/schema\\\/logo\\\/image\\\/\"}},{\"@type\":\"Person\",\"@id\":\"https:\\\/\\\/castaner-yachts.com\\\/#\\\/schema\\\/person\\\/29645b5ad6398bb424f468aaf51e98aa\",\"name\":\"ICY\",\"image\":{\"@type\":\"ImageObject\",\"inLanguage\":\"en-US\",\"@id\":\"https:\\\/\\\/secure.gravatar.com\\\/avatar\\\/f32ba88c136b6167fc646401a814b38b9b59e409472f468300b6959acc85827c?s=96&d=mm&r=g\",\"url\":\"https:\\\/\\\/secure.gravatar.com\\\/avatar\\\/f32ba88c136b6167fc646401a814b38b9b59e409472f468300b6959acc85827c?s=96&d=mm&r=g\",\"contentUrl\":\"https:\\\/\\\/secure.gravatar.com\\\/avatar\\\/f32ba88c136b6167fc646401a814b38b9b59e409472f468300b6959acc85827c?s=96&d=mm&r=g\",\"caption\":\"ICY\"}}]}<\/script>\n<!-- \/ Yoast SEO plugin. -->","yoast_head_json":{"title":"Final del Mundial de Mini Maxis","description":"Final del Mundial de Mini Maxis en Puerto Cervo a bordo del SIX JAGUAR Ha sido un magn\u00edfico campeonato marcado por el nivel de embarcaciones y el","robots":{"index":"index","follow":"follow","max-snippet":"max-snippet:-1","max-image-preview":"max-image-preview:large","max-video-preview":"max-video-preview:-1"},"canonical":"https:\/\/castaner-yachts.com\/en\/final-del-mundial-de-mini-maxis\/","og_locale":"en_US","og_type":"article","og_title":"Final del Mundial de Mini Maxis","og_description":"Final del Mundial de Mini Maxis en Puerto Cervo a bordo del SIX JAGUAR Ha sido un magn\u00edfico campeonato marcado por el nivel de embarcaciones y el","og_url":"https:\/\/castaner-yachts.com\/en\/final-del-mundial-de-mini-maxis\/","og_site_name":"I. Casta\u00f1er Yachts. Venta de Barcos nuevos y de segunda mano","article_published_time":"2018-09-08T14:33:54+00:00","og_image":[{"width":900,"height":675,"url":"https:\/\/castaner-yachts.com\/wp-content\/uploads\/2019\/05\/Final-del-Mundial-de-Mini-Maxis-01.jpg","type":"image\/jpeg"}],"author":"ICY","twitter_card":"summary_large_image","twitter_misc":{"Written by":"ICY","Est. reading time":"1 minute"},"schema":{"@context":"https:\/\/schema.org","@graph":[{"@type":"Article","@id":"https:\/\/castaner-yachts.com\/en\/final-del-mundial-de-mini-maxis\/#article","isPartOf":{"@id":"https:\/\/castaner-yachts.com\/en\/final-del-mundial-de-mini-maxis\/"},"author":{"name":"ICY","@id":"https:\/\/castaner-yachts.com\/#\/schema\/person\/29645b5ad6398bb424f468aaf51e98aa"},"headline":"Final del Mundial de Mini Maxis","datePublished":"2018-09-08T14:33:54+00:00","mainEntityOfPage":{"@id":"https:\/\/castaner-yachts.com\/en\/final-del-mundial-de-mini-maxis\/"},"wordCount":196,"publisher":{"@id":"https:\/\/castaner-yachts.com\/#organization"},"image":{"@id":"https:\/\/castaner-yachts.com\/en\/final-del-mundial-de-mini-maxis\/#primaryimage"},"thumbnailUrl":"https:\/\/castaner-yachts.com\/wp-content\/uploads\/2019\/05\/Final-del-Mundial-de-Mini-Maxis-01.jpg","articleSection":["News"],"inLanguage":"en-US"},{"@type":"WebPage","@id":"https:\/\/castaner-yachts.com\/en\/final-del-mundial-de-mini-maxis\/","url":"https:\/\/castaner-yachts.com\/en\/final-del-mundial-de-mini-maxis\/","name":"Final del Mundial de Mini Maxis","isPartOf":{"@id":"https:\/\/castaner-yachts.com\/#website"},"primaryImageOfPage":{"@id":"https:\/\/castaner-yachts.com\/en\/final-del-mundial-de-mini-maxis\/#primaryimage"},"image":{"@id":"https:\/\/castaner-yachts.com\/en\/final-del-mundial-de-mini-maxis\/#primaryimage"},"thumbnailUrl":"https:\/\/castaner-yachts.com\/wp-content\/uploads\/2019\/05\/Final-del-Mundial-de-Mini-Maxis-01.jpg","datePublished":"2018-09-08T14:33:54+00:00","description":"Final del Mundial de Mini Maxis en Puerto Cervo a bordo del SIX JAGUAR Ha sido un magn\u00edfico campeonato marcado por el nivel de embarcaciones y el","breadcrumb":{"@id":"https:\/\/castaner-yachts.com\/en\/final-del-mundial-de-mini-maxis\/#breadcrumb"},"inLanguage":"en-US","potentialAction":[{"@type":"ReadAction","target":["https:\/\/castaner-yachts.com\/en\/final-del-mundial-de-mini-maxis\/"]}]},{"@type":"ImageObject","inLanguage":"en-US","@id":"https:\/\/castaner-yachts.com\/en\/final-del-mundial-de-mini-maxis\/#primaryimage","url":"https:\/\/castaner-yachts.com\/wp-content\/uploads\/2019\/05\/Final-del-Mundial-de-Mini-Maxis-01.jpg","contentUrl":"https:\/\/castaner-yachts.com\/wp-content\/uploads\/2019\/05\/Final-del-Mundial-de-Mini-Maxis-01.jpg","width":900,"height":675,"caption":"Final del Mundial de Mini Maxis"},{"@type":"BreadcrumbList","@id":"https:\/\/castaner-yachts.com\/en\/final-del-mundial-de-mini-maxis\/#breadcrumb","itemListElement":[{"@type":"ListItem","position":1,"name":"Portada","item":"https:\/\/castaner-yachts.com\/en\/"},{"@type":"ListItem","position":2,"name":"Final del Mundial de Mini Maxis"}]},{"@type":"WebSite","@id":"https:\/\/castaner-yachts.com\/#website","url":"https:\/\/castaner-yachts.com\/","name":"I. Casta\u00f1er Yachts. Venta de Barcos nuevos y de segunda mano","description":"","publisher":{"@id":"https:\/\/castaner-yachts.com\/#organization"},"potentialAction":[{"@type":"SearchAction","target":{"@type":"EntryPoint","urlTemplate":"https:\/\/castaner-yachts.com\/?s={search_term_string}"},"query-input":{"@type":"PropertyValueSpecification","valueRequired":true,"valueName":"search_term_string"}}],"inLanguage":"en-US"},{"@type":"Organization","@id":"https:\/\/castaner-yachts.com\/#organization","name":"Casta\u00f1er Yachts","url":"https:\/\/castaner-yachts.com\/","logo":{"@type":"ImageObject","inLanguage":"en-US","@id":"https:\/\/castaner-yachts.com\/#\/schema\/logo\/image\/","url":"https:\/\/castaner-yachts.com\/wp-content\/uploads\/2019\/07\/ICY-Icon.png","contentUrl":"https:\/\/castaner-yachts.com\/wp-content\/uploads\/2019\/07\/ICY-Icon.png","width":92,"height":86,"caption":"Casta\u00f1er Yachts"},"image":{"@id":"https:\/\/castaner-yachts.com\/#\/schema\/logo\/image\/"}},{"@type":"Person","@id":"https:\/\/castaner-yachts.com\/#\/schema\/person\/29645b5ad6398bb424f468aaf51e98aa","name":"ICY","image":{"@type":"ImageObject","inLanguage":"en-US","@id":"https:\/\/secure.gravatar.com\/avatar\/f32ba88c136b6167fc646401a814b38b9b59e409472f468300b6959acc85827c?s=96&d=mm&r=g","url":"https:\/\/secure.gravatar.com\/avatar\/f32ba88c136b6167fc646401a814b38b9b59e409472f468300b6959acc85827c?s=96&d=mm&r=g","contentUrl":"https:\/\/secure.gravatar.com\/avatar\/f32ba88c136b6167fc646401a814b38b9b59e409472f468300b6959acc85827c?s=96&d=mm&r=g","caption":"ICY"}}]}},"_links":{"self":[{"href":"https:\/\/castaner-yachts.com\/en\/wp-json\/wp\/v2\/posts\/2566","targetHints":{"allow":["GET"]}}],"collection":[{"href":"https:\/\/castaner-yachts.com\/en\/wp-json\/wp\/v2\/posts"}],"about":[{"href":"https:\/\/castaner-yachts.com\/en\/wp-json\/wp\/v2\/types\/post"}],"author":[{"embeddable":true,"href":"https:\/\/castaner-yachts.com\/en\/wp-json\/wp\/v2\/users\/2"}],"replies":[{"embeddable":true,"href":"https:\/\/castaner-yachts.com\/en\/wp-json\/wp\/v2\/comments?post=2566"}],"version-history":[{"count":0,"href":"https:\/\/castaner-yachts.com\/en\/wp-json\/wp\/v2\/posts\/2566\/revisions"}],"wp:featuredmedia":[{"embeddable":true,"href":"https:\/\/castaner-yachts.com\/en\/wp-json\/wp\/v2\/media\/2562"}],"wp:attachment":[{"href":"https:\/\/castaner-yachts.com\/en\/wp-json\/wp\/v2\/media?parent=2566"}],"wp:term":[{"taxonomy":"category","embeddable":true,"href":"https:\/\/castaner-yachts.com\/en\/wp-json\/wp\/v2\/categories?post=2566"},{"taxonomy":"post_tag","embeddable":true,"href":"https:\/\/castaner-yachts.com\/en\/wp-json\/wp\/v2\/tags?post=2566"}],"curies":[{"name":"wp","href":"https:\/\/api.w.org\/{rel}","templated":true}]}}