{"id":32103,"date":"2026-04-30T12:04:32","date_gmt":"2026-04-30T10:04:32","guid":{"rendered":"https:\/\/castaner-yachts.com\/castaner-yachts-en-el-international-palma-boat-show\/"},"modified":"2026-04-30T12:13:54","modified_gmt":"2026-04-30T10:13:54","slug":"castaner-yachts-en-el-international-palma-boat-show","status":"publish","type":"post","link":"https:\/\/castaner-yachts.com\/en\/castaner-yachts-en-el-international-palma-boat-show\/","title":{"rendered":"I. Casta\u00f1er Yachts at the Palma International Boat Show"},"content":{"rendered":"<p data-path-to-node=\"4\">We are currently at the <b data-path-to-node=\"4\" data-index-in-node=\"24\">Palma International Boat Show<\/b>, which is taking place from April 29th to May 2nd. It is a pleasure to be part of this edition, where the nautical community meets to share the latest news of the season.<\/p>\n<p data-path-to-node=\"5\">During these days, our team, represented by <b data-path-to-node=\"5\" data-index-in-node=\"44\">I\u00f1aki Casta\u00f1er<\/b> and <b data-path-to-node=\"5\" data-index-in-node=\"63\">Selma Torres Benthem<\/b>, is being accompanied by <b data-path-to-node=\"5\" data-index-in-node=\"109\">Franco Corazza<\/b>, Grand Soleil Plus Project Manager at <b data-path-to-node=\"5\" data-index-in-node=\"162\">Cantiere del Pardo<\/b>. Having the presence of the shipyard&#8217;s project manager is an excellent opportunity to discuss the technical details and the development of the Grand Soleil range directly.<\/p>\n<p data-path-to-node=\"6\">If you are visiting the show, we invite you to stop by and say hello. It is a great time to talk about boats and see the work being done this year. We look forward to seeing you here!<\/p>\n\n<style type=\"text\/css\" data-created_by=\"avia_inline_auto\" id=\"style-css-av-jro453-5a36656c075f5932e3718dbbc71055b6\">\n#top .avia-gallery.av-jro453-5a36656c075f5932e3718dbbc71055b6 .avia-gallery-thumb a{\nwidth:50%;\n}\n<\/style>\n<div  class='avia-gallery av-jro453-5a36656c075f5932e3718dbbc71055b6 avia_animate_when_visible  avia-builder-el-0  avia-builder-el-no-sibling  animations_off avia-gallery-1'  itemprop=\"image\" itemscope=\"itemscope\" itemtype=\"https:\/\/schema.org\/ImageObject\" ><meta itemprop=\"contentURL\" content=\"https:\/\/castaner-yachts.com\/en\/castaner-yachts-en-el-international-palma-boat-show\/\"><div class='avia-gallery-thumb'><a href=\"https:\/\/castaner-yachts.com\/wp-content\/uploads\/2026\/04\/Castaner-Yachts-en-el-International-Palma-Boat-Show-3-579x1030.webp\" data-srcset=\"https:\/\/castaner-yachts.com\/wp-content\/uploads\/2026\/04\/Castaner-Yachts-en-el-International-Palma-Boat-Show-3-579x1030.webp 579w, https:\/\/castaner-yachts.com\/wp-content\/uploads\/2026\/04\/Castaner-Yachts-en-el-International-Palma-Boat-Show-3-169x300.webp 169w, https:\/\/castaner-yachts.com\/wp-content\/uploads\/2026\/04\/Castaner-Yachts-en-el-International-Palma-Boat-Show-3-768x1365.webp 768w, https:\/\/castaner-yachts.com\/wp-content\/uploads\/2026\/04\/Castaner-Yachts-en-el-International-Palma-Boat-Show-3-864x1536.webp 864w, https:\/\/castaner-yachts.com\/wp-content\/uploads\/2026\/04\/Castaner-Yachts-en-el-International-Palma-Boat-Show-3-1152x2048.webp 1152w, https:\/\/castaner-yachts.com\/wp-content\/uploads\/2026\/04\/Castaner-Yachts-en-el-International-Palma-Boat-Show-3-844x1500.webp 844w, https:\/\/castaner-yachts.com\/wp-content\/uploads\/2026\/04\/Castaner-Yachts-en-el-International-Palma-Boat-Show-3-397x705.webp 397w, https:\/\/castaner-yachts.com\/wp-content\/uploads\/2026\/04\/Castaner-Yachts-en-el-International-Palma-Boat-Show-3.webp 1300w\" data-sizes=\"(max-width: 579px) 100vw, 579px\" data-rel='gallery-1' data-prev-img='https:\/\/castaner-yachts.com\/wp-content\/uploads\/2026\/04\/Castaner-Yachts-en-el-International-Palma-Boat-Show-3-495x400.webp' class='first_thumb lightbox ' data-onclick='1' title='I. Casta\u00f1er Yachts en el International Palma Boat Show'  itemprop=\"thumbnailUrl\"  ><img decoding=\"async\" fetchpriority=\"high\" class=\"wp-image-32096 avia-img-lazy-loading-not-32096\"   src=\"https:\/\/castaner-yachts.com\/wp-content\/uploads\/2026\/04\/Castaner-Yachts-en-el-International-Palma-Boat-Show-3.webp\" width=\"1300\" height=\"2311\"  title='I. Casta\u00f1er Yachts en el International Palma Boat Show' alt='I. Casta\u00f1er Yachts en el International Palma Boat Show 2026' srcset=\"https:\/\/castaner-yachts.com\/wp-content\/uploads\/2026\/04\/Castaner-Yachts-en-el-International-Palma-Boat-Show-3.webp 1300w, https:\/\/castaner-yachts.com\/wp-content\/uploads\/2026\/04\/Castaner-Yachts-en-el-International-Palma-Boat-Show-3-169x300.webp 169w, https:\/\/castaner-yachts.com\/wp-content\/uploads\/2026\/04\/Castaner-Yachts-en-el-International-Palma-Boat-Show-3-579x1030.webp 579w, https:\/\/castaner-yachts.com\/wp-content\/uploads\/2026\/04\/Castaner-Yachts-en-el-International-Palma-Boat-Show-3-768x1365.webp 768w, https:\/\/castaner-yachts.com\/wp-content\/uploads\/2026\/04\/Castaner-Yachts-en-el-International-Palma-Boat-Show-3-864x1536.webp 864w, https:\/\/castaner-yachts.com\/wp-content\/uploads\/2026\/04\/Castaner-Yachts-en-el-International-Palma-Boat-Show-3-1152x2048.webp 1152w, https:\/\/castaner-yachts.com\/wp-content\/uploads\/2026\/04\/Castaner-Yachts-en-el-International-Palma-Boat-Show-3-844x1500.webp 844w, https:\/\/castaner-yachts.com\/wp-content\/uploads\/2026\/04\/Castaner-Yachts-en-el-International-Palma-Boat-Show-3-397x705.webp 397w\" sizes=\"(max-width: 1300px) 100vw, 1300px\" \/><div class='big-prev-fake'><img decoding=\"async\" loading=\"lazy\" class=\"wp-image-32096 avia-img-lazy-loading-32096\"  width=\"495\" height=\"400\" src=\"https:\/\/castaner-yachts.com\/wp-content\/uploads\/2026\/04\/Castaner-Yachts-en-el-International-Palma-Boat-Show-3-495x400.webp\" title='I. Casta\u00f1er Yachts en el International Palma Boat Show' alt='I. Casta\u00f1er Yachts en el International Palma Boat Show 2026' srcset=\"https:\/\/castaner-yachts.com\/wp-content\/uploads\/2026\/04\/Castaner-Yachts-en-el-International-Palma-Boat-Show-3-495x400.webp 495w, https:\/\/castaner-yachts.com\/wp-content\/uploads\/2026\/04\/Castaner-Yachts-en-el-International-Palma-Boat-Show-3-845x684.webp 845w\" sizes=\"auto, (max-width: 495px) 100vw, 495px\" \/><\/div><\/a><a href=\"https:\/\/castaner-yachts.com\/wp-content\/uploads\/2026\/04\/Castaner-Yachts-en-el-International-Palma-Boat-Show-2-579x1030.webp\" data-srcset=\"https:\/\/castaner-yachts.com\/wp-content\/uploads\/2026\/04\/Castaner-Yachts-en-el-International-Palma-Boat-Show-2-579x1030.webp 579w, https:\/\/castaner-yachts.com\/wp-content\/uploads\/2026\/04\/Castaner-Yachts-en-el-International-Palma-Boat-Show-2-169x300.webp 169w, https:\/\/castaner-yachts.com\/wp-content\/uploads\/2026\/04\/Castaner-Yachts-en-el-International-Palma-Boat-Show-2-768x1365.webp 768w, https:\/\/castaner-yachts.com\/wp-content\/uploads\/2026\/04\/Castaner-Yachts-en-el-International-Palma-Boat-Show-2-864x1536.webp 864w, https:\/\/castaner-yachts.com\/wp-content\/uploads\/2026\/04\/Castaner-Yachts-en-el-International-Palma-Boat-Show-2-1152x2048.webp 1152w, https:\/\/castaner-yachts.com\/wp-content\/uploads\/2026\/04\/Castaner-Yachts-en-el-International-Palma-Boat-Show-2-844x1500.webp 844w, https:\/\/castaner-yachts.com\/wp-content\/uploads\/2026\/04\/Castaner-Yachts-en-el-International-Palma-Boat-Show-2-397x705.webp 397w, https:\/\/castaner-yachts.com\/wp-content\/uploads\/2026\/04\/Castaner-Yachts-en-el-International-Palma-Boat-Show-2.webp 1300w\" data-sizes=\"(max-width: 579px) 100vw, 579px\" data-rel='gallery-1' data-prev-img='https:\/\/castaner-yachts.com\/wp-content\/uploads\/2026\/04\/Castaner-Yachts-en-el-International-Palma-Boat-Show-2-495x400.webp' class='lightbox ' data-onclick='2' title='I\u00f1aki Casta\u00f1er CEO de I. Casta\u00f1er Yachts junto a   Franco Corazza, Grand Soleil Plus Proyect Manager del astillero Cantiere del Pardo.'  itemprop=\"thumbnailUrl\"  ><img decoding=\"async\" fetchpriority=\"high\" class=\"wp-image-32094 avia-img-lazy-loading-not-32094\"   src=\"https:\/\/castaner-yachts.com\/wp-content\/uploads\/2026\/04\/Castaner-Yachts-en-el-International-Palma-Boat-Show-2.webp\" width=\"1300\" height=\"2311\"  title='I\u00f1aki Casta\u00f1er CEO de I. Casta\u00f1er Yachts junto a   Franco Corazza, Grand Soleil Plus Proyect Manager del astillero Cantiere del Pardo.' alt='I\u00f1aki Casta\u00f1er CEO de I. Casta\u00f1er Yachts junto a Franco Corazza, Grand Soleil Plus Proyect Manager del astillero Cantiere del Pardo.' srcset=\"https:\/\/castaner-yachts.com\/wp-content\/uploads\/2026\/04\/Castaner-Yachts-en-el-International-Palma-Boat-Show-2.webp 1300w, https:\/\/castaner-yachts.com\/wp-content\/uploads\/2026\/04\/Castaner-Yachts-en-el-International-Palma-Boat-Show-2-169x300.webp 169w, https:\/\/castaner-yachts.com\/wp-content\/uploads\/2026\/04\/Castaner-Yachts-en-el-International-Palma-Boat-Show-2-579x1030.webp 579w, https:\/\/castaner-yachts.com\/wp-content\/uploads\/2026\/04\/Castaner-Yachts-en-el-International-Palma-Boat-Show-2-768x1365.webp 768w, https:\/\/castaner-yachts.com\/wp-content\/uploads\/2026\/04\/Castaner-Yachts-en-el-International-Palma-Boat-Show-2-864x1536.webp 864w, https:\/\/castaner-yachts.com\/wp-content\/uploads\/2026\/04\/Castaner-Yachts-en-el-International-Palma-Boat-Show-2-1152x2048.webp 1152w, https:\/\/castaner-yachts.com\/wp-content\/uploads\/2026\/04\/Castaner-Yachts-en-el-International-Palma-Boat-Show-2-844x1500.webp 844w, https:\/\/castaner-yachts.com\/wp-content\/uploads\/2026\/04\/Castaner-Yachts-en-el-International-Palma-Boat-Show-2-397x705.webp 397w\" sizes=\"(max-width: 1300px) 100vw, 1300px\" \/><div class='big-prev-fake'><img decoding=\"async\" loading=\"lazy\" class=\"wp-image-32094 avia-img-lazy-loading-32094\"  width=\"495\" height=\"400\" src=\"https:\/\/castaner-yachts.com\/wp-content\/uploads\/2026\/04\/Castaner-Yachts-en-el-International-Palma-Boat-Show-2-495x400.webp\" title='I\u00f1aki Casta\u00f1er CEO de I. Casta\u00f1er Yachts junto a   Franco Corazza, Grand Soleil Plus Proyect Manager del astillero Cantiere del Pardo.' alt='I\u00f1aki Casta\u00f1er CEO de I. Casta\u00f1er Yachts junto a Franco Corazza, Grand Soleil Plus Proyect Manager del astillero Cantiere del Pardo.' srcset=\"https:\/\/castaner-yachts.com\/wp-content\/uploads\/2026\/04\/Castaner-Yachts-en-el-International-Palma-Boat-Show-2-495x400.webp 495w, https:\/\/castaner-yachts.com\/wp-content\/uploads\/2026\/04\/Castaner-Yachts-en-el-International-Palma-Boat-Show-2-845x684.webp 845w\" sizes=\"auto, (max-width: 495px) 100vw, 495px\" \/><\/div><\/a><a href=\"https:\/\/castaner-yachts.com\/wp-content\/uploads\/2026\/04\/Castaner-Yachts-en-el-International-Palma-Boat-Show-4-579x1030.webp\" data-srcset=\"https:\/\/castaner-yachts.com\/wp-content\/uploads\/2026\/04\/Castaner-Yachts-en-el-International-Palma-Boat-Show-4-579x1030.webp 579w, https:\/\/castaner-yachts.com\/wp-content\/uploads\/2026\/04\/Castaner-Yachts-en-el-International-Palma-Boat-Show-4-169x300.webp 169w, https:\/\/castaner-yachts.com\/wp-content\/uploads\/2026\/04\/Castaner-Yachts-en-el-International-Palma-Boat-Show-4-768x1365.webp 768w, https:\/\/castaner-yachts.com\/wp-content\/uploads\/2026\/04\/Castaner-Yachts-en-el-International-Palma-Boat-Show-4-864x1536.webp 864w, https:\/\/castaner-yachts.com\/wp-content\/uploads\/2026\/04\/Castaner-Yachts-en-el-International-Palma-Boat-Show-4-1152x2048.webp 1152w, https:\/\/castaner-yachts.com\/wp-content\/uploads\/2026\/04\/Castaner-Yachts-en-el-International-Palma-Boat-Show-4-844x1500.webp 844w, https:\/\/castaner-yachts.com\/wp-content\/uploads\/2026\/04\/Castaner-Yachts-en-el-International-Palma-Boat-Show-4-397x705.webp 397w, https:\/\/castaner-yachts.com\/wp-content\/uploads\/2026\/04\/Castaner-Yachts-en-el-International-Palma-Boat-Show-4.webp 1300w\" data-sizes=\"(max-width: 579px) 100vw, 579px\" data-rel='gallery-1' data-prev-img='https:\/\/castaner-yachts.com\/wp-content\/uploads\/2026\/04\/Castaner-Yachts-en-el-International-Palma-Boat-Show-4-495x400.webp' class='first_thumb lightbox ' data-onclick='3' title='Casta\u00f1er Yachts en el International Palma Boat Show (4)'  itemprop=\"thumbnailUrl\"  ><img decoding=\"async\" fetchpriority=\"high\" class=\"wp-image-32090 avia-img-lazy-loading-not-32090\"   src=\"https:\/\/castaner-yachts.com\/wp-content\/uploads\/2026\/04\/Castaner-Yachts-en-el-International-Palma-Boat-Show-4.webp\" width=\"1300\" height=\"2311\"  title='Casta\u00f1er Yachts en el International Palma Boat Show (4)' alt='El quipo de I. Casta\u00f1er Yachts, I\u00f1aki Casta\u00f1er CEO junto a Selma Torres Benthem Managing Director' srcset=\"https:\/\/castaner-yachts.com\/wp-content\/uploads\/2026\/04\/Castaner-Yachts-en-el-International-Palma-Boat-Show-4.webp 1300w, https:\/\/castaner-yachts.com\/wp-content\/uploads\/2026\/04\/Castaner-Yachts-en-el-International-Palma-Boat-Show-4-169x300.webp 169w, https:\/\/castaner-yachts.com\/wp-content\/uploads\/2026\/04\/Castaner-Yachts-en-el-International-Palma-Boat-Show-4-579x1030.webp 579w, https:\/\/castaner-yachts.com\/wp-content\/uploads\/2026\/04\/Castaner-Yachts-en-el-International-Palma-Boat-Show-4-768x1365.webp 768w, https:\/\/castaner-yachts.com\/wp-content\/uploads\/2026\/04\/Castaner-Yachts-en-el-International-Palma-Boat-Show-4-864x1536.webp 864w, https:\/\/castaner-yachts.com\/wp-content\/uploads\/2026\/04\/Castaner-Yachts-en-el-International-Palma-Boat-Show-4-1152x2048.webp 1152w, https:\/\/castaner-yachts.com\/wp-content\/uploads\/2026\/04\/Castaner-Yachts-en-el-International-Palma-Boat-Show-4-844x1500.webp 844w, https:\/\/castaner-yachts.com\/wp-content\/uploads\/2026\/04\/Castaner-Yachts-en-el-International-Palma-Boat-Show-4-397x705.webp 397w\" sizes=\"(max-width: 1300px) 100vw, 1300px\" \/><div class='big-prev-fake'><img decoding=\"async\" loading=\"lazy\" class=\"wp-image-32090 avia-img-lazy-loading-32090\"  width=\"495\" height=\"400\" src=\"https:\/\/castaner-yachts.com\/wp-content\/uploads\/2026\/04\/Castaner-Yachts-en-el-International-Palma-Boat-Show-4-495x400.webp\" title='Casta\u00f1er Yachts en el International Palma Boat Show (4)' alt='El quipo de I. Casta\u00f1er Yachts, I\u00f1aki Casta\u00f1er CEO junto a Selma Torres Benthem Managing Director' srcset=\"https:\/\/castaner-yachts.com\/wp-content\/uploads\/2026\/04\/Castaner-Yachts-en-el-International-Palma-Boat-Show-4-495x400.webp 495w, https:\/\/castaner-yachts.com\/wp-content\/uploads\/2026\/04\/Castaner-Yachts-en-el-International-Palma-Boat-Show-4-845x684.webp 845w\" sizes=\"auto, (max-width: 495px) 100vw, 495px\" \/><\/div><\/a><a href=\"https:\/\/castaner-yachts.com\/wp-content\/uploads\/2026\/04\/Castaner-Yachts-en-el-International-Palma-Boat-Show-1-579x1030.webp\" data-srcset=\"https:\/\/castaner-yachts.com\/wp-content\/uploads\/2026\/04\/Castaner-Yachts-en-el-International-Palma-Boat-Show-1-579x1030.webp 579w, https:\/\/castaner-yachts.com\/wp-content\/uploads\/2026\/04\/Castaner-Yachts-en-el-International-Palma-Boat-Show-1-169x300.webp 169w, https:\/\/castaner-yachts.com\/wp-content\/uploads\/2026\/04\/Castaner-Yachts-en-el-International-Palma-Boat-Show-1-768x1365.webp 768w, https:\/\/castaner-yachts.com\/wp-content\/uploads\/2026\/04\/Castaner-Yachts-en-el-International-Palma-Boat-Show-1-864x1536.webp 864w, https:\/\/castaner-yachts.com\/wp-content\/uploads\/2026\/04\/Castaner-Yachts-en-el-International-Palma-Boat-Show-1-1152x2048.webp 1152w, https:\/\/castaner-yachts.com\/wp-content\/uploads\/2026\/04\/Castaner-Yachts-en-el-International-Palma-Boat-Show-1-844x1500.webp 844w, https:\/\/castaner-yachts.com\/wp-content\/uploads\/2026\/04\/Castaner-Yachts-en-el-International-Palma-Boat-Show-1-397x705.webp 397w, https:\/\/castaner-yachts.com\/wp-content\/uploads\/2026\/04\/Castaner-Yachts-en-el-International-Palma-Boat-Show-1.webp 1300w\" data-sizes=\"(max-width: 579px) 100vw, 579px\" data-rel='gallery-1' data-prev-img='https:\/\/castaner-yachts.com\/wp-content\/uploads\/2026\/04\/Castaner-Yachts-en-el-International-Palma-Boat-Show-1-495x400.webp' class='lightbox ' data-onclick='4' title='Casta\u00f1er Yachts en el International Palma Boat Show (1)'  itemprop=\"thumbnailUrl\"  ><img decoding=\"async\" fetchpriority=\"high\" class=\"wp-image-32092 avia-img-lazy-loading-not-32092\"   src=\"https:\/\/castaner-yachts.com\/wp-content\/uploads\/2026\/04\/Castaner-Yachts-en-el-International-Palma-Boat-Show-1.webp\" width=\"1300\" height=\"2311\"  title='Casta\u00f1er Yachts en el International Palma Boat Show (1)' alt='Imagen embarcanci\u00f3n Pardo' srcset=\"https:\/\/castaner-yachts.com\/wp-content\/uploads\/2026\/04\/Castaner-Yachts-en-el-International-Palma-Boat-Show-1.webp 1300w, https:\/\/castaner-yachts.com\/wp-content\/uploads\/2026\/04\/Castaner-Yachts-en-el-International-Palma-Boat-Show-1-169x300.webp 169w, https:\/\/castaner-yachts.com\/wp-content\/uploads\/2026\/04\/Castaner-Yachts-en-el-International-Palma-Boat-Show-1-579x1030.webp 579w, https:\/\/castaner-yachts.com\/wp-content\/uploads\/2026\/04\/Castaner-Yachts-en-el-International-Palma-Boat-Show-1-768x1365.webp 768w, https:\/\/castaner-yachts.com\/wp-content\/uploads\/2026\/04\/Castaner-Yachts-en-el-International-Palma-Boat-Show-1-864x1536.webp 864w, https:\/\/castaner-yachts.com\/wp-content\/uploads\/2026\/04\/Castaner-Yachts-en-el-International-Palma-Boat-Show-1-1152x2048.webp 1152w, https:\/\/castaner-yachts.com\/wp-content\/uploads\/2026\/04\/Castaner-Yachts-en-el-International-Palma-Boat-Show-1-844x1500.webp 844w, https:\/\/castaner-yachts.com\/wp-content\/uploads\/2026\/04\/Castaner-Yachts-en-el-International-Palma-Boat-Show-1-397x705.webp 397w\" sizes=\"(max-width: 1300px) 100vw, 1300px\" \/><div class='big-prev-fake'><img decoding=\"async\" loading=\"lazy\" class=\"wp-image-32092 avia-img-lazy-loading-32092\"  width=\"495\" height=\"400\" src=\"https:\/\/castaner-yachts.com\/wp-content\/uploads\/2026\/04\/Castaner-Yachts-en-el-International-Palma-Boat-Show-1-495x400.webp\" title='Casta\u00f1er Yachts en el International Palma Boat Show (1)' alt='Imagen embarcanci\u00f3n Pardo' srcset=\"https:\/\/castaner-yachts.com\/wp-content\/uploads\/2026\/04\/Castaner-Yachts-en-el-International-Palma-Boat-Show-1-495x400.webp 495w, https:\/\/castaner-yachts.com\/wp-content\/uploads\/2026\/04\/Castaner-Yachts-en-el-International-Palma-Boat-Show-1-845x684.webp 845w\" sizes=\"auto, (max-width: 495px) 100vw, 495px\" \/><\/div><\/a><\/div><\/div>\n","protected":false},"excerpt":{"rendered":"<p>We are currently at the Palma International Boat Show, which is taking place from April 29th to May 2nd. It is a pleasure to be part of this edition, where the nautical community meets to share the latest news of the season. During these days, our team, represented by I\u00f1aki Casta\u00f1er and Selma Torres Benthem, [&hellip;]<\/p>\n","protected":false},"author":2,"featured_media":32099,"comment_status":"closed","ping_status":"open","sticky":false,"template":"","format":"standard","meta":{"footnotes":""},"categories":[15],"tags":[],"class_list":["post-32103","post","type-post","status-publish","format-standard","has-post-thumbnail","hentry","category-news"],"yoast_head":"<!-- This site is optimized with the Yoast SEO plugin v27.5 - https:\/\/yoast.com\/product\/yoast-seo-wordpress\/ -->\n<title>I. Casta\u00f1er Yachts at the Palma International Boat Show<\/title>\n<meta name=\"description\" content=\"We are currently at the Palma International Boat Show, which is taking place from April 29th to May 2nd. It is a pleasure to be part of this edition,\" \/>\n<meta name=\"robots\" content=\"index, follow, max-snippet:-1, max-image-preview:large, max-video-preview:-1\" \/>\n<link rel=\"canonical\" href=\"https:\/\/castaner-yachts.com\/en\/castaner-yachts-en-el-international-palma-boat-show\/\" \/>\n<meta property=\"og:locale\" content=\"en_US\" \/>\n<meta property=\"og:type\" content=\"article\" \/>\n<meta property=\"og:title\" content=\"I. Casta\u00f1er Yachts at the Palma International Boat Show\" \/>\n<meta property=\"og:description\" content=\"We are currently at the Palma International Boat Show, which is taking place from April 29th to May 2nd. It is a pleasure to be part of this edition,\" \/>\n<meta property=\"og:url\" content=\"https:\/\/castaner-yachts.com\/en\/castaner-yachts-en-el-international-palma-boat-show\/\" \/>\n<meta property=\"og:site_name\" content=\"I. Casta\u00f1er Yachts. Venta de Barcos nuevos y de segunda mano\" \/>\n<meta property=\"article:published_time\" content=\"2026-04-30T10:04:32+00:00\" \/>\n<meta property=\"article:modified_time\" content=\"2026-04-30T10:13:54+00:00\" \/>\n<meta property=\"og:image\" content=\"https:\/\/castaner-yachts.com\/wp-content\/uploads\/2026\/04\/Castaner-Yachts-en-el-International-Palma-Boat-Show.jpg\" \/>\n\t<meta property=\"og:image:width\" content=\"1300\" \/>\n\t<meta property=\"og:image:height\" content=\"1183\" \/>\n\t<meta property=\"og:image:type\" content=\"image\/jpeg\" \/>\n<meta name=\"author\" content=\"ICY\" \/>\n<meta name=\"twitter:card\" content=\"summary_large_image\" \/>\n<meta name=\"twitter:label1\" content=\"Written by\" \/>\n\t<meta name=\"twitter:data1\" content=\"ICY\" \/>\n\t<meta name=\"twitter:label2\" content=\"Est. reading time\" \/>\n\t<meta name=\"twitter:data2\" content=\"3 minutes\" \/>\n<script type=\"application\/ld+json\" class=\"yoast-schema-graph\">{\"@context\":\"https:\\\/\\\/schema.org\",\"@graph\":[{\"@type\":\"Article\",\"@id\":\"https:\\\/\\\/castaner-yachts.com\\\/en\\\/castaner-yachts-en-el-international-palma-boat-show\\\/#article\",\"isPartOf\":{\"@id\":\"https:\\\/\\\/castaner-yachts.com\\\/en\\\/castaner-yachts-en-el-international-palma-boat-show\\\/\"},\"author\":{\"name\":\"ICY\",\"@id\":\"https:\\\/\\\/castaner-yachts.com\\\/#\\\/schema\\\/person\\\/29645b5ad6398bb424f468aaf51e98aa\"},\"headline\":\"I. Casta\u00f1er Yachts at the Palma International Boat Show\",\"datePublished\":\"2026-04-30T10:04:32+00:00\",\"dateModified\":\"2026-04-30T10:13:54+00:00\",\"mainEntityOfPage\":{\"@id\":\"https:\\\/\\\/castaner-yachts.com\\\/en\\\/castaner-yachts-en-el-international-palma-boat-show\\\/\"},\"wordCount\":217,\"publisher\":{\"@id\":\"https:\\\/\\\/castaner-yachts.com\\\/#organization\"},\"image\":{\"@id\":\"https:\\\/\\\/castaner-yachts.com\\\/en\\\/castaner-yachts-en-el-international-palma-boat-show\\\/#primaryimage\"},\"thumbnailUrl\":\"https:\\\/\\\/castaner-yachts.com\\\/wp-content\\\/uploads\\\/2026\\\/04\\\/Castaner-Yachts-en-el-International-Palma-Boat-Show.jpg\",\"articleSection\":[\"News\"],\"inLanguage\":\"en-US\"},{\"@type\":\"WebPage\",\"@id\":\"https:\\\/\\\/castaner-yachts.com\\\/en\\\/castaner-yachts-en-el-international-palma-boat-show\\\/\",\"url\":\"https:\\\/\\\/castaner-yachts.com\\\/en\\\/castaner-yachts-en-el-international-palma-boat-show\\\/\",\"name\":\"I. Casta\u00f1er Yachts at the Palma International Boat Show\",\"isPartOf\":{\"@id\":\"https:\\\/\\\/castaner-yachts.com\\\/#website\"},\"primaryImageOfPage\":{\"@id\":\"https:\\\/\\\/castaner-yachts.com\\\/en\\\/castaner-yachts-en-el-international-palma-boat-show\\\/#primaryimage\"},\"image\":{\"@id\":\"https:\\\/\\\/castaner-yachts.com\\\/en\\\/castaner-yachts-en-el-international-palma-boat-show\\\/#primaryimage\"},\"thumbnailUrl\":\"https:\\\/\\\/castaner-yachts.com\\\/wp-content\\\/uploads\\\/2026\\\/04\\\/Castaner-Yachts-en-el-International-Palma-Boat-Show.jpg\",\"datePublished\":\"2026-04-30T10:04:32+00:00\",\"dateModified\":\"2026-04-30T10:13:54+00:00\",\"description\":\"We are currently at the Palma International Boat Show, which is taking place from April 29th to May 2nd. It is a pleasure to be part of this edition,\",\"breadcrumb\":{\"@id\":\"https:\\\/\\\/castaner-yachts.com\\\/en\\\/castaner-yachts-en-el-international-palma-boat-show\\\/#breadcrumb\"},\"inLanguage\":\"en-US\",\"potentialAction\":[{\"@type\":\"ReadAction\",\"target\":[\"https:\\\/\\\/castaner-yachts.com\\\/en\\\/castaner-yachts-en-el-international-palma-boat-show\\\/\"]}]},{\"@type\":\"ImageObject\",\"inLanguage\":\"en-US\",\"@id\":\"https:\\\/\\\/castaner-yachts.com\\\/en\\\/castaner-yachts-en-el-international-palma-boat-show\\\/#primaryimage\",\"url\":\"https:\\\/\\\/castaner-yachts.com\\\/wp-content\\\/uploads\\\/2026\\\/04\\\/Castaner-Yachts-en-el-International-Palma-Boat-Show.jpg\",\"contentUrl\":\"https:\\\/\\\/castaner-yachts.com\\\/wp-content\\\/uploads\\\/2026\\\/04\\\/Castaner-Yachts-en-el-International-Palma-Boat-Show.jpg\",\"width\":1300,\"height\":1183,\"caption\":\"I\u00f1aki Casta\u00f1er CEO de I. Casta\u00f1er Yachts junto a Franco Corazza, Grand Soleil Plus Proyect Manager del astillero Cantiere del Pardo.\"},{\"@type\":\"BreadcrumbList\",\"@id\":\"https:\\\/\\\/castaner-yachts.com\\\/en\\\/castaner-yachts-en-el-international-palma-boat-show\\\/#breadcrumb\",\"itemListElement\":[{\"@type\":\"ListItem\",\"position\":1,\"name\":\"Portada\",\"item\":\"https:\\\/\\\/castaner-yachts.com\\\/en\\\/\"},{\"@type\":\"ListItem\",\"position\":2,\"name\":\"I. Casta\u00f1er Yachts at the Palma International Boat Show\"}]},{\"@type\":\"WebSite\",\"@id\":\"https:\\\/\\\/castaner-yachts.com\\\/#website\",\"url\":\"https:\\\/\\\/castaner-yachts.com\\\/\",\"name\":\"I. Casta\u00f1er Yachts. Venta de Barcos nuevos y de segunda mano\",\"description\":\"\",\"publisher\":{\"@id\":\"https:\\\/\\\/castaner-yachts.com\\\/#organization\"},\"potentialAction\":[{\"@type\":\"SearchAction\",\"target\":{\"@type\":\"EntryPoint\",\"urlTemplate\":\"https:\\\/\\\/castaner-yachts.com\\\/?s={search_term_string}\"},\"query-input\":{\"@type\":\"PropertyValueSpecification\",\"valueRequired\":true,\"valueName\":\"search_term_string\"}}],\"inLanguage\":\"en-US\"},{\"@type\":\"Organization\",\"@id\":\"https:\\\/\\\/castaner-yachts.com\\\/#organization\",\"name\":\"Casta\u00f1er Yachts\",\"url\":\"https:\\\/\\\/castaner-yachts.com\\\/\",\"logo\":{\"@type\":\"ImageObject\",\"inLanguage\":\"en-US\",\"@id\":\"https:\\\/\\\/castaner-yachts.com\\\/#\\\/schema\\\/logo\\\/image\\\/\",\"url\":\"https:\\\/\\\/castaner-yachts.com\\\/wp-content\\\/uploads\\\/2019\\\/07\\\/ICY-Icon.png\",\"contentUrl\":\"https:\\\/\\\/castaner-yachts.com\\\/wp-content\\\/uploads\\\/2019\\\/07\\\/ICY-Icon.png\",\"width\":92,\"height\":86,\"caption\":\"Casta\u00f1er Yachts\"},\"image\":{\"@id\":\"https:\\\/\\\/castaner-yachts.com\\\/#\\\/schema\\\/logo\\\/image\\\/\"}},{\"@type\":\"Person\",\"@id\":\"https:\\\/\\\/castaner-yachts.com\\\/#\\\/schema\\\/person\\\/29645b5ad6398bb424f468aaf51e98aa\",\"name\":\"ICY\",\"image\":{\"@type\":\"ImageObject\",\"inLanguage\":\"en-US\",\"@id\":\"https:\\\/\\\/secure.gravatar.com\\\/avatar\\\/f32ba88c136b6167fc646401a814b38b9b59e409472f468300b6959acc85827c?s=96&d=mm&r=g\",\"url\":\"https:\\\/\\\/secure.gravatar.com\\\/avatar\\\/f32ba88c136b6167fc646401a814b38b9b59e409472f468300b6959acc85827c?s=96&d=mm&r=g\",\"contentUrl\":\"https:\\\/\\\/secure.gravatar.com\\\/avatar\\\/f32ba88c136b6167fc646401a814b38b9b59e409472f468300b6959acc85827c?s=96&d=mm&r=g\",\"caption\":\"ICY\"}}]}<\/script>\n<!-- \/ Yoast SEO plugin. -->","yoast_head_json":{"title":"I. Casta\u00f1er Yachts at the Palma International Boat Show","description":"We are currently at the Palma International Boat Show, which is taking place from April 29th to May 2nd. It is a pleasure to be part of this edition,","robots":{"index":"index","follow":"follow","max-snippet":"max-snippet:-1","max-image-preview":"max-image-preview:large","max-video-preview":"max-video-preview:-1"},"canonical":"https:\/\/castaner-yachts.com\/en\/castaner-yachts-en-el-international-palma-boat-show\/","og_locale":"en_US","og_type":"article","og_title":"I. Casta\u00f1er Yachts at the Palma International Boat Show","og_description":"We are currently at the Palma International Boat Show, which is taking place from April 29th to May 2nd. It is a pleasure to be part of this edition,","og_url":"https:\/\/castaner-yachts.com\/en\/castaner-yachts-en-el-international-palma-boat-show\/","og_site_name":"I. Casta\u00f1er Yachts. Venta de Barcos nuevos y de segunda mano","article_published_time":"2026-04-30T10:04:32+00:00","article_modified_time":"2026-04-30T10:13:54+00:00","og_image":[{"width":1300,"height":1183,"url":"https:\/\/castaner-yachts.com\/wp-content\/uploads\/2026\/04\/Castaner-Yachts-en-el-International-Palma-Boat-Show.jpg","type":"image\/jpeg"}],"author":"ICY","twitter_card":"summary_large_image","twitter_misc":{"Written by":"ICY","Est. reading time":"3 minutes"},"schema":{"@context":"https:\/\/schema.org","@graph":[{"@type":"Article","@id":"https:\/\/castaner-yachts.com\/en\/castaner-yachts-en-el-international-palma-boat-show\/#article","isPartOf":{"@id":"https:\/\/castaner-yachts.com\/en\/castaner-yachts-en-el-international-palma-boat-show\/"},"author":{"name":"ICY","@id":"https:\/\/castaner-yachts.com\/#\/schema\/person\/29645b5ad6398bb424f468aaf51e98aa"},"headline":"I. Casta\u00f1er Yachts at the Palma International Boat Show","datePublished":"2026-04-30T10:04:32+00:00","dateModified":"2026-04-30T10:13:54+00:00","mainEntityOfPage":{"@id":"https:\/\/castaner-yachts.com\/en\/castaner-yachts-en-el-international-palma-boat-show\/"},"wordCount":217,"publisher":{"@id":"https:\/\/castaner-yachts.com\/#organization"},"image":{"@id":"https:\/\/castaner-yachts.com\/en\/castaner-yachts-en-el-international-palma-boat-show\/#primaryimage"},"thumbnailUrl":"https:\/\/castaner-yachts.com\/wp-content\/uploads\/2026\/04\/Castaner-Yachts-en-el-International-Palma-Boat-Show.jpg","articleSection":["News"],"inLanguage":"en-US"},{"@type":"WebPage","@id":"https:\/\/castaner-yachts.com\/en\/castaner-yachts-en-el-international-palma-boat-show\/","url":"https:\/\/castaner-yachts.com\/en\/castaner-yachts-en-el-international-palma-boat-show\/","name":"I. Casta\u00f1er Yachts at the Palma International Boat Show","isPartOf":{"@id":"https:\/\/castaner-yachts.com\/#website"},"primaryImageOfPage":{"@id":"https:\/\/castaner-yachts.com\/en\/castaner-yachts-en-el-international-palma-boat-show\/#primaryimage"},"image":{"@id":"https:\/\/castaner-yachts.com\/en\/castaner-yachts-en-el-international-palma-boat-show\/#primaryimage"},"thumbnailUrl":"https:\/\/castaner-yachts.com\/wp-content\/uploads\/2026\/04\/Castaner-Yachts-en-el-International-Palma-Boat-Show.jpg","datePublished":"2026-04-30T10:04:32+00:00","dateModified":"2026-04-30T10:13:54+00:00","description":"We are currently at the Palma International Boat Show, which is taking place from April 29th to May 2nd. It is a pleasure to be part of this edition,","breadcrumb":{"@id":"https:\/\/castaner-yachts.com\/en\/castaner-yachts-en-el-international-palma-boat-show\/#breadcrumb"},"inLanguage":"en-US","potentialAction":[{"@type":"ReadAction","target":["https:\/\/castaner-yachts.com\/en\/castaner-yachts-en-el-international-palma-boat-show\/"]}]},{"@type":"ImageObject","inLanguage":"en-US","@id":"https:\/\/castaner-yachts.com\/en\/castaner-yachts-en-el-international-palma-boat-show\/#primaryimage","url":"https:\/\/castaner-yachts.com\/wp-content\/uploads\/2026\/04\/Castaner-Yachts-en-el-International-Palma-Boat-Show.jpg","contentUrl":"https:\/\/castaner-yachts.com\/wp-content\/uploads\/2026\/04\/Castaner-Yachts-en-el-International-Palma-Boat-Show.jpg","width":1300,"height":1183,"caption":"I\u00f1aki Casta\u00f1er CEO de I. Casta\u00f1er Yachts junto a Franco Corazza, Grand Soleil Plus Proyect Manager del astillero Cantiere del Pardo."},{"@type":"BreadcrumbList","@id":"https:\/\/castaner-yachts.com\/en\/castaner-yachts-en-el-international-palma-boat-show\/#breadcrumb","itemListElement":[{"@type":"ListItem","position":1,"name":"Portada","item":"https:\/\/castaner-yachts.com\/en\/"},{"@type":"ListItem","position":2,"name":"I. Casta\u00f1er Yachts at the Palma International Boat Show"}]},{"@type":"WebSite","@id":"https:\/\/castaner-yachts.com\/#website","url":"https:\/\/castaner-yachts.com\/","name":"I. Casta\u00f1er Yachts. Venta de Barcos nuevos y de segunda mano","description":"","publisher":{"@id":"https:\/\/castaner-yachts.com\/#organization"},"potentialAction":[{"@type":"SearchAction","target":{"@type":"EntryPoint","urlTemplate":"https:\/\/castaner-yachts.com\/?s={search_term_string}"},"query-input":{"@type":"PropertyValueSpecification","valueRequired":true,"valueName":"search_term_string"}}],"inLanguage":"en-US"},{"@type":"Organization","@id":"https:\/\/castaner-yachts.com\/#organization","name":"Casta\u00f1er Yachts","url":"https:\/\/castaner-yachts.com\/","logo":{"@type":"ImageObject","inLanguage":"en-US","@id":"https:\/\/castaner-yachts.com\/#\/schema\/logo\/image\/","url":"https:\/\/castaner-yachts.com\/wp-content\/uploads\/2019\/07\/ICY-Icon.png","contentUrl":"https:\/\/castaner-yachts.com\/wp-content\/uploads\/2019\/07\/ICY-Icon.png","width":92,"height":86,"caption":"Casta\u00f1er Yachts"},"image":{"@id":"https:\/\/castaner-yachts.com\/#\/schema\/logo\/image\/"}},{"@type":"Person","@id":"https:\/\/castaner-yachts.com\/#\/schema\/person\/29645b5ad6398bb424f468aaf51e98aa","name":"ICY","image":{"@type":"ImageObject","inLanguage":"en-US","@id":"https:\/\/secure.gravatar.com\/avatar\/f32ba88c136b6167fc646401a814b38b9b59e409472f468300b6959acc85827c?s=96&d=mm&r=g","url":"https:\/\/secure.gravatar.com\/avatar\/f32ba88c136b6167fc646401a814b38b9b59e409472f468300b6959acc85827c?s=96&d=mm&r=g","contentUrl":"https:\/\/secure.gravatar.com\/avatar\/f32ba88c136b6167fc646401a814b38b9b59e409472f468300b6959acc85827c?s=96&d=mm&r=g","caption":"ICY"}}]}},"_links":{"self":[{"href":"https:\/\/castaner-yachts.com\/en\/wp-json\/wp\/v2\/posts\/32103","targetHints":{"allow":["GET"]}}],"collection":[{"href":"https:\/\/castaner-yachts.com\/en\/wp-json\/wp\/v2\/posts"}],"about":[{"href":"https:\/\/castaner-yachts.com\/en\/wp-json\/wp\/v2\/types\/post"}],"author":[{"embeddable":true,"href":"https:\/\/castaner-yachts.com\/en\/wp-json\/wp\/v2\/users\/2"}],"replies":[{"embeddable":true,"href":"https:\/\/castaner-yachts.com\/en\/wp-json\/wp\/v2\/comments?post=32103"}],"version-history":[{"count":4,"href":"https:\/\/castaner-yachts.com\/en\/wp-json\/wp\/v2\/posts\/32103\/revisions"}],"predecessor-version":[{"id":32108,"href":"https:\/\/castaner-yachts.com\/en\/wp-json\/wp\/v2\/posts\/32103\/revisions\/32108"}],"wp:featuredmedia":[{"embeddable":true,"href":"https:\/\/castaner-yachts.com\/en\/wp-json\/wp\/v2\/media\/32099"}],"wp:attachment":[{"href":"https:\/\/castaner-yachts.com\/en\/wp-json\/wp\/v2\/media?parent=32103"}],"wp:term":[{"taxonomy":"category","embeddable":true,"href":"https:\/\/castaner-yachts.com\/en\/wp-json\/wp\/v2\/categories?post=32103"},{"taxonomy":"post_tag","embeddable":true,"href":"https:\/\/castaner-yachts.com\/en\/wp-json\/wp\/v2\/tags?post=32103"}],"curies":[{"name":"wp","href":"https:\/\/api.w.org\/{rel}","templated":true}]}}