{"id":997,"date":"2019-02-04T16:27:30","date_gmt":"2019-02-04T15:27:30","guid":{"rendered":"http:\/\/icastaner.desarrollowebenmalaga.com\/tercer-puesto-en-el-trofeo-heineken-en-st-maarten\/"},"modified":"2019-02-04T16:27:30","modified_gmt":"2019-02-04T15:27:30","slug":"tercer-puesto-en-el-trofeo-heineken-en-st-maarten","status":"publish","type":"post","link":"https:\/\/castaner-yachts.com\/en\/tercer-puesto-en-el-trofeo-heineken-en-st-maarten\/","title":{"rendered":"Tercer puesto en el Trofeo Heineken en St. Maarten"},"content":{"rendered":"\n<p>Ha sido una semana muy intensa y completa en este Trofeo que celebraba sus 60 a\u00f1os de antig\u00fcedad en la Guayana Francesa.<\/p>\n\n\n\n<div class=\"wp-block-image\"><figure class=\"aligncenter\"><a href=\"https:\/\/castaner-yachts.com\/wp-content\/uploads\/2019\/04\/ICY-HR2019_Fri_LaurensMorel_LMB1388_f.jpg\"><img loading=\"lazy\" decoding=\"async\" width=\"900\" height=\"600\" src=\"https:\/\/castaner-yachts.com\/wp-content\/uploads\/2019\/04\/ICY-HR2019_Fri_LaurensMorel_LMB1388_f.jpg\" alt=\"\" class=\"wp-image-730\" srcset=\"https:\/\/castaner-yachts.com\/wp-content\/uploads\/2019\/04\/ICY-HR2019_Fri_LaurensMorel_LMB1388_f.jpg 900w, https:\/\/castaner-yachts.com\/wp-content\/uploads\/2019\/04\/ICY-HR2019_Fri_LaurensMorel_LMB1388_f-300x200.jpg 300w, https:\/\/castaner-yachts.com\/wp-content\/uploads\/2019\/04\/ICY-HR2019_Fri_LaurensMorel_LMB1388_f-768x512.jpg 768w, https:\/\/castaner-yachts.com\/wp-content\/uploads\/2019\/04\/ICY-HR2019_Fri_LaurensMorel_LMB1388_f-705x470.jpg 705w, https:\/\/castaner-yachts.com\/wp-content\/uploads\/2019\/04\/ICY-HR2019_Fri_LaurensMorel_LMB1388_f-450x300.jpg 450w\" sizes=\"auto, (max-width: 900px) 100vw, 900px\" \/><\/a><\/figure><\/div>\n\n\n\n<p>Las condiciones de viento alisio de entre 18 a 25 nudos estables nos han permitido hacer las 5 pruebas costeras previstas. Ha sido un resultado justo ya que los dos barcos de cabeza han sido m\u00e1s s\u00f3lidos que nosotros en las maniobras que con esta intensidad de viento marcaba la diferencia. Nuestro barco un Xp 44 con nuevo m\u00e1stil de carbono y velas North Sails 3Di ha estado a la altura de nuestras expectativas y especialmente del armador, Peter Grueterich que ha sido un magnifico patr\u00f3n y ha sido capaz de encargarse de toda la complicada log\u00edstica en una isla arrasada por un Hurac\u00e1n recientemente.<\/p>\n\n\n\n<p>\u00a1Gracias Peter y toda la tripulaci\u00f3n por tenerme a bordo espero que naveguemos juntos muy pronto!<\/p>\n\n\n\n<div class=\"wp-block-columns has-2-columns is-layout-flex wp-container-core-columns-is-layout-9d6595d7 wp-block-columns-is-layout-flex\">\n<div class=\"wp-block-column is-layout-flow wp-block-column-is-layout-flow\">\n<figure class=\"wp-block-image\"><a href=\"https:\/\/castaner-yachts.com\/wp-content\/uploads\/2019\/04\/ICY-HR2019_Fri_LaurensMorel_LMB1403_f.jpg\"><img loading=\"lazy\" decoding=\"async\" width=\"900\" height=\"600\" src=\"https:\/\/castaner-yachts.com\/wp-content\/uploads\/2019\/04\/ICY-HR2019_Fri_LaurensMorel_LMB1403_f.jpg\" alt=\"\" class=\"wp-image-732\" srcset=\"https:\/\/castaner-yachts.com\/wp-content\/uploads\/2019\/04\/ICY-HR2019_Fri_LaurensMorel_LMB1403_f.jpg 900w, https:\/\/castaner-yachts.com\/wp-content\/uploads\/2019\/04\/ICY-HR2019_Fri_LaurensMorel_LMB1403_f-300x200.jpg 300w, https:\/\/castaner-yachts.com\/wp-content\/uploads\/2019\/04\/ICY-HR2019_Fri_LaurensMorel_LMB1403_f-768x512.jpg 768w, https:\/\/castaner-yachts.com\/wp-content\/uploads\/2019\/04\/ICY-HR2019_Fri_LaurensMorel_LMB1403_f-705x470.jpg 705w, https:\/\/castaner-yachts.com\/wp-content\/uploads\/2019\/04\/ICY-HR2019_Fri_LaurensMorel_LMB1403_f-450x300.jpg 450w\" sizes=\"auto, (max-width: 900px) 100vw, 900px\" \/><\/a><\/figure>\n<\/div>\n\n\n\n<div class=\"wp-block-column is-layout-flow wp-block-column-is-layout-flow\">\n<figure class=\"wp-block-image\"><a href=\"https:\/\/castaner-yachts.com\/wp-content\/uploads\/2019\/04\/ICY-HR2019_Thu_LaurensMorel_LMA0018_f-1.jpg\"><img loading=\"lazy\" decoding=\"async\" width=\"900\" height=\"600\" src=\"https:\/\/castaner-yachts.com\/wp-content\/uploads\/2019\/04\/ICY-HR2019_Thu_LaurensMorel_LMA0018_f-1.jpg\" alt=\"\" class=\"wp-image-734\" srcset=\"https:\/\/castaner-yachts.com\/wp-content\/uploads\/2019\/04\/ICY-HR2019_Thu_LaurensMorel_LMA0018_f-1.jpg 900w, https:\/\/castaner-yachts.com\/wp-content\/uploads\/2019\/04\/ICY-HR2019_Thu_LaurensMorel_LMA0018_f-1-300x200.jpg 300w, https:\/\/castaner-yachts.com\/wp-content\/uploads\/2019\/04\/ICY-HR2019_Thu_LaurensMorel_LMA0018_f-1-768x512.jpg 768w, https:\/\/castaner-yachts.com\/wp-content\/uploads\/2019\/04\/ICY-HR2019_Thu_LaurensMorel_LMA0018_f-1-705x470.jpg 705w, https:\/\/castaner-yachts.com\/wp-content\/uploads\/2019\/04\/ICY-HR2019_Thu_LaurensMorel_LMA0018_f-1-450x300.jpg 450w\" sizes=\"auto, (max-width: 900px) 100vw, 900px\" \/><\/a><\/figure>\n<\/div>\n<\/div>\n","protected":false},"excerpt":{"rendered":"<p>Ha sido una semana muy intensa y completa en este Trofeo que celebraba sus 60 a\u00f1os de antig\u00fcedad en la Guayana Francesa. Las condiciones de viento alisio de entre 18 a 25 nudos estables nos han permitido hacer las 5 pruebas costeras previstas. Ha sido un resultado justo ya que los dos barcos de cabeza [&hellip;]<\/p>\n","protected":false},"author":2,"featured_media":731,"comment_status":"closed","ping_status":"open","sticky":false,"template":"","format":"standard","meta":{"footnotes":""},"categories":[15],"tags":[],"class_list":["post-997","post","type-post","status-publish","format-standard","has-post-thumbnail","hentry","category-news"],"yoast_head":"<!-- This site is optimized with the Yoast SEO plugin v27.5 - https:\/\/yoast.com\/product\/yoast-seo-wordpress\/ -->\n<title>Tercer puesto en el Trofeo Heineken en St. Maarten<\/title>\n<meta name=\"description\" content=\"Ha sido una semana muy intensa y completa en este Trofeo que celebraba sus 60 a\u00f1os de antig\u00fcedad en la Guayana Francesa. Las condiciones de viento alisio\" \/>\n<meta name=\"robots\" content=\"index, follow, max-snippet:-1, max-image-preview:large, max-video-preview:-1\" \/>\n<link rel=\"canonical\" href=\"https:\/\/castaner-yachts.com\/en\/tercer-puesto-en-el-trofeo-heineken-en-st-maarten\/\" \/>\n<meta property=\"og:locale\" content=\"en_US\" \/>\n<meta property=\"og:type\" content=\"article\" \/>\n<meta property=\"og:title\" content=\"Tercer puesto en el Trofeo Heineken en St. Maarten\" \/>\n<meta property=\"og:description\" content=\"Ha sido una semana muy intensa y completa en este Trofeo que celebraba sus 60 a\u00f1os de antig\u00fcedad en la Guayana Francesa. Las condiciones de viento alisio\" \/>\n<meta property=\"og:url\" content=\"https:\/\/castaner-yachts.com\/en\/tercer-puesto-en-el-trofeo-heineken-en-st-maarten\/\" \/>\n<meta property=\"og:site_name\" content=\"I. Casta\u00f1er Yachts. Venta de Barcos nuevos y de segunda mano\" \/>\n<meta property=\"article:published_time\" content=\"2019-02-04T15:27:30+00:00\" \/>\n<meta property=\"og:image\" content=\"https:\/\/castaner-yachts.com\/wp-content\/uploads\/2019\/04\/ICY-HR2019_Fri_LaurensMorel_LMB1388_f.jpg\" \/>\n\t<meta property=\"og:image:width\" content=\"900\" \/>\n\t<meta property=\"og:image:height\" content=\"600\" \/>\n\t<meta property=\"og:image:type\" content=\"image\/jpeg\" \/>\n<meta name=\"author\" content=\"ICY\" \/>\n<meta name=\"twitter:card\" content=\"summary_large_image\" \/>\n<meta name=\"twitter:label1\" content=\"Written by\" \/>\n\t<meta name=\"twitter:data1\" content=\"ICY\" \/>\n\t<meta name=\"twitter:label2\" content=\"Est. reading time\" \/>\n\t<meta name=\"twitter:data2\" content=\"1 minute\" \/>\n<script type=\"application\/ld+json\" class=\"yoast-schema-graph\">{\"@context\":\"https:\\\/\\\/schema.org\",\"@graph\":[{\"@type\":\"Article\",\"@id\":\"https:\\\/\\\/castaner-yachts.com\\\/en\\\/tercer-puesto-en-el-trofeo-heineken-en-st-maarten\\\/#article\",\"isPartOf\":{\"@id\":\"https:\\\/\\\/castaner-yachts.com\\\/en\\\/tercer-puesto-en-el-trofeo-heineken-en-st-maarten\\\/\"},\"author\":{\"name\":\"ICY\",\"@id\":\"https:\\\/\\\/castaner-yachts.com\\\/#\\\/schema\\\/person\\\/29645b5ad6398bb424f468aaf51e98aa\"},\"headline\":\"Tercer puesto en el Trofeo Heineken en St. Maarten\",\"datePublished\":\"2019-02-04T15:27:30+00:00\",\"mainEntityOfPage\":{\"@id\":\"https:\\\/\\\/castaner-yachts.com\\\/en\\\/tercer-puesto-en-el-trofeo-heineken-en-st-maarten\\\/\"},\"wordCount\":156,\"publisher\":{\"@id\":\"https:\\\/\\\/castaner-yachts.com\\\/#organization\"},\"image\":{\"@id\":\"https:\\\/\\\/castaner-yachts.com\\\/en\\\/tercer-puesto-en-el-trofeo-heineken-en-st-maarten\\\/#primaryimage\"},\"thumbnailUrl\":\"https:\\\/\\\/castaner-yachts.com\\\/wp-content\\\/uploads\\\/2019\\\/04\\\/ICY-HR2019_Fri_LaurensMorel_LMB1388_f.jpg\",\"articleSection\":[\"News\"],\"inLanguage\":\"en-US\"},{\"@type\":\"WebPage\",\"@id\":\"https:\\\/\\\/castaner-yachts.com\\\/en\\\/tercer-puesto-en-el-trofeo-heineken-en-st-maarten\\\/\",\"url\":\"https:\\\/\\\/castaner-yachts.com\\\/en\\\/tercer-puesto-en-el-trofeo-heineken-en-st-maarten\\\/\",\"name\":\"Tercer puesto en el Trofeo Heineken en St. Maarten\",\"isPartOf\":{\"@id\":\"https:\\\/\\\/castaner-yachts.com\\\/#website\"},\"primaryImageOfPage\":{\"@id\":\"https:\\\/\\\/castaner-yachts.com\\\/en\\\/tercer-puesto-en-el-trofeo-heineken-en-st-maarten\\\/#primaryimage\"},\"image\":{\"@id\":\"https:\\\/\\\/castaner-yachts.com\\\/en\\\/tercer-puesto-en-el-trofeo-heineken-en-st-maarten\\\/#primaryimage\"},\"thumbnailUrl\":\"https:\\\/\\\/castaner-yachts.com\\\/wp-content\\\/uploads\\\/2019\\\/04\\\/ICY-HR2019_Fri_LaurensMorel_LMB1388_f.jpg\",\"datePublished\":\"2019-02-04T15:27:30+00:00\",\"description\":\"Ha sido una semana muy intensa y completa en este Trofeo que celebraba sus 60 a\u00f1os de antig\u00fcedad en la Guayana Francesa. Las condiciones de viento alisio\",\"breadcrumb\":{\"@id\":\"https:\\\/\\\/castaner-yachts.com\\\/en\\\/tercer-puesto-en-el-trofeo-heineken-en-st-maarten\\\/#breadcrumb\"},\"inLanguage\":\"en-US\",\"potentialAction\":[{\"@type\":\"ReadAction\",\"target\":[\"https:\\\/\\\/castaner-yachts.com\\\/en\\\/tercer-puesto-en-el-trofeo-heineken-en-st-maarten\\\/\"]}]},{\"@type\":\"ImageObject\",\"inLanguage\":\"en-US\",\"@id\":\"https:\\\/\\\/castaner-yachts.com\\\/en\\\/tercer-puesto-en-el-trofeo-heineken-en-st-maarten\\\/#primaryimage\",\"url\":\"https:\\\/\\\/castaner-yachts.com\\\/wp-content\\\/uploads\\\/2019\\\/04\\\/ICY-HR2019_Fri_LaurensMorel_LMB1388_f.jpg\",\"contentUrl\":\"https:\\\/\\\/castaner-yachts.com\\\/wp-content\\\/uploads\\\/2019\\\/04\\\/ICY-HR2019_Fri_LaurensMorel_LMB1388_f.jpg\",\"width\":900,\"height\":600,\"caption\":\"Tercer puesto en el Trofeo Heineken en St. Maarten 2019\"},{\"@type\":\"BreadcrumbList\",\"@id\":\"https:\\\/\\\/castaner-yachts.com\\\/en\\\/tercer-puesto-en-el-trofeo-heineken-en-st-maarten\\\/#breadcrumb\",\"itemListElement\":[{\"@type\":\"ListItem\",\"position\":1,\"name\":\"Portada\",\"item\":\"https:\\\/\\\/castaner-yachts.com\\\/en\\\/\"},{\"@type\":\"ListItem\",\"position\":2,\"name\":\"Tercer puesto en el Trofeo Heineken en St. Maarten\"}]},{\"@type\":\"WebSite\",\"@id\":\"https:\\\/\\\/castaner-yachts.com\\\/#website\",\"url\":\"https:\\\/\\\/castaner-yachts.com\\\/\",\"name\":\"I. Casta\u00f1er Yachts. Venta de Barcos nuevos y de segunda mano\",\"description\":\"\",\"publisher\":{\"@id\":\"https:\\\/\\\/castaner-yachts.com\\\/#organization\"},\"potentialAction\":[{\"@type\":\"SearchAction\",\"target\":{\"@type\":\"EntryPoint\",\"urlTemplate\":\"https:\\\/\\\/castaner-yachts.com\\\/?s={search_term_string}\"},\"query-input\":{\"@type\":\"PropertyValueSpecification\",\"valueRequired\":true,\"valueName\":\"search_term_string\"}}],\"inLanguage\":\"en-US\"},{\"@type\":\"Organization\",\"@id\":\"https:\\\/\\\/castaner-yachts.com\\\/#organization\",\"name\":\"Casta\u00f1er Yachts\",\"url\":\"https:\\\/\\\/castaner-yachts.com\\\/\",\"logo\":{\"@type\":\"ImageObject\",\"inLanguage\":\"en-US\",\"@id\":\"https:\\\/\\\/castaner-yachts.com\\\/#\\\/schema\\\/logo\\\/image\\\/\",\"url\":\"https:\\\/\\\/castaner-yachts.com\\\/wp-content\\\/uploads\\\/2019\\\/07\\\/ICY-Icon.png\",\"contentUrl\":\"https:\\\/\\\/castaner-yachts.com\\\/wp-content\\\/uploads\\\/2019\\\/07\\\/ICY-Icon.png\",\"width\":92,\"height\":86,\"caption\":\"Casta\u00f1er Yachts\"},\"image\":{\"@id\":\"https:\\\/\\\/castaner-yachts.com\\\/#\\\/schema\\\/logo\\\/image\\\/\"}},{\"@type\":\"Person\",\"@id\":\"https:\\\/\\\/castaner-yachts.com\\\/#\\\/schema\\\/person\\\/29645b5ad6398bb424f468aaf51e98aa\",\"name\":\"ICY\",\"image\":{\"@type\":\"ImageObject\",\"inLanguage\":\"en-US\",\"@id\":\"https:\\\/\\\/secure.gravatar.com\\\/avatar\\\/f32ba88c136b6167fc646401a814b38b9b59e409472f468300b6959acc85827c?s=96&d=mm&r=g\",\"url\":\"https:\\\/\\\/secure.gravatar.com\\\/avatar\\\/f32ba88c136b6167fc646401a814b38b9b59e409472f468300b6959acc85827c?s=96&d=mm&r=g\",\"contentUrl\":\"https:\\\/\\\/secure.gravatar.com\\\/avatar\\\/f32ba88c136b6167fc646401a814b38b9b59e409472f468300b6959acc85827c?s=96&d=mm&r=g\",\"caption\":\"ICY\"}}]}<\/script>\n<!-- \/ Yoast SEO plugin. -->","yoast_head_json":{"title":"Tercer puesto en el Trofeo Heineken en St. Maarten","description":"Ha sido una semana muy intensa y completa en este Trofeo que celebraba sus 60 a\u00f1os de antig\u00fcedad en la Guayana Francesa. Las condiciones de viento alisio","robots":{"index":"index","follow":"follow","max-snippet":"max-snippet:-1","max-image-preview":"max-image-preview:large","max-video-preview":"max-video-preview:-1"},"canonical":"https:\/\/castaner-yachts.com\/en\/tercer-puesto-en-el-trofeo-heineken-en-st-maarten\/","og_locale":"en_US","og_type":"article","og_title":"Tercer puesto en el Trofeo Heineken en St. Maarten","og_description":"Ha sido una semana muy intensa y completa en este Trofeo que celebraba sus 60 a\u00f1os de antig\u00fcedad en la Guayana Francesa. Las condiciones de viento alisio","og_url":"https:\/\/castaner-yachts.com\/en\/tercer-puesto-en-el-trofeo-heineken-en-st-maarten\/","og_site_name":"I. Casta\u00f1er Yachts. Venta de Barcos nuevos y de segunda mano","article_published_time":"2019-02-04T15:27:30+00:00","og_image":[{"width":900,"height":600,"url":"https:\/\/castaner-yachts.com\/wp-content\/uploads\/2019\/04\/ICY-HR2019_Fri_LaurensMorel_LMB1388_f.jpg","type":"image\/jpeg"}],"author":"ICY","twitter_card":"summary_large_image","twitter_misc":{"Written by":"ICY","Est. reading time":"1 minute"},"schema":{"@context":"https:\/\/schema.org","@graph":[{"@type":"Article","@id":"https:\/\/castaner-yachts.com\/en\/tercer-puesto-en-el-trofeo-heineken-en-st-maarten\/#article","isPartOf":{"@id":"https:\/\/castaner-yachts.com\/en\/tercer-puesto-en-el-trofeo-heineken-en-st-maarten\/"},"author":{"name":"ICY","@id":"https:\/\/castaner-yachts.com\/#\/schema\/person\/29645b5ad6398bb424f468aaf51e98aa"},"headline":"Tercer puesto en el Trofeo Heineken en St. Maarten","datePublished":"2019-02-04T15:27:30+00:00","mainEntityOfPage":{"@id":"https:\/\/castaner-yachts.com\/en\/tercer-puesto-en-el-trofeo-heineken-en-st-maarten\/"},"wordCount":156,"publisher":{"@id":"https:\/\/castaner-yachts.com\/#organization"},"image":{"@id":"https:\/\/castaner-yachts.com\/en\/tercer-puesto-en-el-trofeo-heineken-en-st-maarten\/#primaryimage"},"thumbnailUrl":"https:\/\/castaner-yachts.com\/wp-content\/uploads\/2019\/04\/ICY-HR2019_Fri_LaurensMorel_LMB1388_f.jpg","articleSection":["News"],"inLanguage":"en-US"},{"@type":"WebPage","@id":"https:\/\/castaner-yachts.com\/en\/tercer-puesto-en-el-trofeo-heineken-en-st-maarten\/","url":"https:\/\/castaner-yachts.com\/en\/tercer-puesto-en-el-trofeo-heineken-en-st-maarten\/","name":"Tercer puesto en el Trofeo Heineken en St. Maarten","isPartOf":{"@id":"https:\/\/castaner-yachts.com\/#website"},"primaryImageOfPage":{"@id":"https:\/\/castaner-yachts.com\/en\/tercer-puesto-en-el-trofeo-heineken-en-st-maarten\/#primaryimage"},"image":{"@id":"https:\/\/castaner-yachts.com\/en\/tercer-puesto-en-el-trofeo-heineken-en-st-maarten\/#primaryimage"},"thumbnailUrl":"https:\/\/castaner-yachts.com\/wp-content\/uploads\/2019\/04\/ICY-HR2019_Fri_LaurensMorel_LMB1388_f.jpg","datePublished":"2019-02-04T15:27:30+00:00","description":"Ha sido una semana muy intensa y completa en este Trofeo que celebraba sus 60 a\u00f1os de antig\u00fcedad en la Guayana Francesa. Las condiciones de viento alisio","breadcrumb":{"@id":"https:\/\/castaner-yachts.com\/en\/tercer-puesto-en-el-trofeo-heineken-en-st-maarten\/#breadcrumb"},"inLanguage":"en-US","potentialAction":[{"@type":"ReadAction","target":["https:\/\/castaner-yachts.com\/en\/tercer-puesto-en-el-trofeo-heineken-en-st-maarten\/"]}]},{"@type":"ImageObject","inLanguage":"en-US","@id":"https:\/\/castaner-yachts.com\/en\/tercer-puesto-en-el-trofeo-heineken-en-st-maarten\/#primaryimage","url":"https:\/\/castaner-yachts.com\/wp-content\/uploads\/2019\/04\/ICY-HR2019_Fri_LaurensMorel_LMB1388_f.jpg","contentUrl":"https:\/\/castaner-yachts.com\/wp-content\/uploads\/2019\/04\/ICY-HR2019_Fri_LaurensMorel_LMB1388_f.jpg","width":900,"height":600,"caption":"Tercer puesto en el Trofeo Heineken en St. Maarten 2019"},{"@type":"BreadcrumbList","@id":"https:\/\/castaner-yachts.com\/en\/tercer-puesto-en-el-trofeo-heineken-en-st-maarten\/#breadcrumb","itemListElement":[{"@type":"ListItem","position":1,"name":"Portada","item":"https:\/\/castaner-yachts.com\/en\/"},{"@type":"ListItem","position":2,"name":"Tercer puesto en el Trofeo Heineken en St. Maarten"}]},{"@type":"WebSite","@id":"https:\/\/castaner-yachts.com\/#website","url":"https:\/\/castaner-yachts.com\/","name":"I. Casta\u00f1er Yachts. Venta de Barcos nuevos y de segunda mano","description":"","publisher":{"@id":"https:\/\/castaner-yachts.com\/#organization"},"potentialAction":[{"@type":"SearchAction","target":{"@type":"EntryPoint","urlTemplate":"https:\/\/castaner-yachts.com\/?s={search_term_string}"},"query-input":{"@type":"PropertyValueSpecification","valueRequired":true,"valueName":"search_term_string"}}],"inLanguage":"en-US"},{"@type":"Organization","@id":"https:\/\/castaner-yachts.com\/#organization","name":"Casta\u00f1er Yachts","url":"https:\/\/castaner-yachts.com\/","logo":{"@type":"ImageObject","inLanguage":"en-US","@id":"https:\/\/castaner-yachts.com\/#\/schema\/logo\/image\/","url":"https:\/\/castaner-yachts.com\/wp-content\/uploads\/2019\/07\/ICY-Icon.png","contentUrl":"https:\/\/castaner-yachts.com\/wp-content\/uploads\/2019\/07\/ICY-Icon.png","width":92,"height":86,"caption":"Casta\u00f1er Yachts"},"image":{"@id":"https:\/\/castaner-yachts.com\/#\/schema\/logo\/image\/"}},{"@type":"Person","@id":"https:\/\/castaner-yachts.com\/#\/schema\/person\/29645b5ad6398bb424f468aaf51e98aa","name":"ICY","image":{"@type":"ImageObject","inLanguage":"en-US","@id":"https:\/\/secure.gravatar.com\/avatar\/f32ba88c136b6167fc646401a814b38b9b59e409472f468300b6959acc85827c?s=96&d=mm&r=g","url":"https:\/\/secure.gravatar.com\/avatar\/f32ba88c136b6167fc646401a814b38b9b59e409472f468300b6959acc85827c?s=96&d=mm&r=g","contentUrl":"https:\/\/secure.gravatar.com\/avatar\/f32ba88c136b6167fc646401a814b38b9b59e409472f468300b6959acc85827c?s=96&d=mm&r=g","caption":"ICY"}}]}},"_links":{"self":[{"href":"https:\/\/castaner-yachts.com\/en\/wp-json\/wp\/v2\/posts\/997","targetHints":{"allow":["GET"]}}],"collection":[{"href":"https:\/\/castaner-yachts.com\/en\/wp-json\/wp\/v2\/posts"}],"about":[{"href":"https:\/\/castaner-yachts.com\/en\/wp-json\/wp\/v2\/types\/post"}],"author":[{"embeddable":true,"href":"https:\/\/castaner-yachts.com\/en\/wp-json\/wp\/v2\/users\/2"}],"replies":[{"embeddable":true,"href":"https:\/\/castaner-yachts.com\/en\/wp-json\/wp\/v2\/comments?post=997"}],"version-history":[{"count":0,"href":"https:\/\/castaner-yachts.com\/en\/wp-json\/wp\/v2\/posts\/997\/revisions"}],"wp:featuredmedia":[{"embeddable":true,"href":"https:\/\/castaner-yachts.com\/en\/wp-json\/wp\/v2\/media\/731"}],"wp:attachment":[{"href":"https:\/\/castaner-yachts.com\/en\/wp-json\/wp\/v2\/media?parent=997"}],"wp:term":[{"taxonomy":"category","embeddable":true,"href":"https:\/\/castaner-yachts.com\/en\/wp-json\/wp\/v2\/categories?post=997"},{"taxonomy":"post_tag","embeddable":true,"href":"https:\/\/castaner-yachts.com\/en\/wp-json\/wp\/v2\/tags?post=997"}],"curies":[{"name":"wp","href":"https:\/\/api.w.org\/{rel}","templated":true}]}}